{"id":7265,"date":"2017-01-17T15:38:11","date_gmt":"2017-01-17T13:38:11","guid":{"rendered":"http:\/\/wolfsmonitor.de\/?p=7265"},"modified":"2018-05-05T14:25:35","modified_gmt":"2018-05-05T12:25:35","slug":"nun-amtlich-goldenstedter-woelfin-nicht-mehr-allein","status":"publish","type":"post","link":"https:\/\/wolfsmonitor.de\/?p=7265","title":{"rendered":"Nun amtlich: Goldenstedter W\u00f6lfin nicht mehr allein!"},"content":{"rendered":"<p class=\"margt0\">Der Nieders\u00e4chsische Landesbetrieb f\u00fcr Wasserwirtschaft, K\u00fcsten- und Naturschutz (<a href=\"https:\/\/wolfsmonitor.de\/?tag=nlwkn\" target=\"_blank\">NLWKN<\/a>) informiert bez\u00fcglich der Region Diepholz-Oldenburg-Vechta (in der bisher die Goldenstedter W\u00f6lfin &#8211; auch als Barnstorfer F\u00e4he bekannt &#8211; offiziell allein unterwegs war) mit heutigem Datum \u00fcber den Nachweis eines zweiten Wolfes (im Wortlaut):<\/p>\n<h3 class=\"margt0\">&#8222;Aktuell zwei W\u00f6lfe in der Region Diepholz-Oldenburg-Vechta<\/h3>\n<p><span style=\"color: #3366ff;\"><strong>Wolfsb\u00fcro: R\u00fcde aus Mecklenburg-Vorpommern genetisch nachgewiesen<\/strong><\/span><\/p>\n<p><!--more-->&#8222;Das Wolfsb\u00fcro des NLWKN (Nieders\u00e4chsischer Landesbetrieb f\u00fcr Wasserwirtschaft, K\u00fcsten- und Naturschutz) hat am Dienstag dar\u00fcber informiert, dass im Raum Diepholz-Oldenburg-Vechta im Zusammenhang mit einem Nutztierriss neben dem schon bekannten Tier ein weiterer Wolf genetisch nachgewiesen werden konnte.<\/p>\n<p>Das Senckenberg-Labor f\u00fcr Wildtiergenetik in Gelnhausen teilte mit, es handle sich um einen m\u00e4nnlichen Wolf aus der Ueckerm\u00fcnder Heide in Mecklenburg-Vorpommern. Seit 2014 lebt in der Region Diepholz-Oldenburg-Vechta eine W\u00f6lfin.&#8220;<\/p>\n<hr \/>\n<p><em><span style=\"text-decoration: underline;\">Quelle:<\/span> Pressemitteilung des NLWKN am 17. Januar 2016, abgerufen am 17.1.2017,<span style=\"color: #3366ff;\"> <a style=\"color: #3366ff;\" href=\"http:\/\/www.nlwkn.niedersachsen.de\/aktuelles\/pressemitteilungen\/aktuell-zwei-woelfe-in-der-region-diepholz-oldenburg-vechta-150269.html\" target=\"_blank\">hier der Link!<\/a><\/span><\/em><\/p>\n<hr \/>\n<p class=\"ox-8fa0bdae36-MsoNormal\"><em><span style=\"text-decoration: underline;\">Beitragsfoto:<\/span> Heiko Anders,<span style=\"color: #3366ff;\"><a style=\"color: #3366ff;\" href=\"http:\/\/www.andersfotografiert.com\" target=\"_blank\"> www.andersfotografiert.com<\/a><\/span><\/em><\/p>\n<p class=\"ox-8fa0bdae36-MsoNormal\"><em>(<span style=\"text-decoration: underline;\">Anmerkung:<\/span> F\u00fcr die Richtigkeit der Angaben und Inhalte der verlinkten Webseiten wird keinerlei Gew\u00e4hr \u00fcbernommen)<\/em><\/p>\n<div class=\"shariff shariff-align-center shariff-widget-align-center\" data-services=\"facebook%7Ctwitter\" data-url=\"https%3A%2F%2Fwolfsmonitor.de%2F%3Fp%3D7265\" data-timestamp=\"1525530335\" data-backendurl=\"?rest_route=\/shariff\/v1\/share_counts&\"><ul class=\"shariff-buttons theme-color orientation-horizontal buttonsize-small\"><li class=\"shariff-button facebook shariff-nocustomcolor\" style=\"background-color:#4273c8\"><a href=\"https:\/\/www.facebook.com\/sharer\/sharer.php?u=https%3A%2F%2Fwolfsmonitor.de%2F%3Fp%3D7265\" title=\"Bei Facebook teilen\" aria-label=\"Bei Facebook teilen\" role=\"button\" rel=\"nofollow\" class=\"shariff-link\" style=\"; background-color:#3b5998; color:#fff\" target=\"_blank\"><span class=\"shariff-icon\" style=\"\"><svg width=\"32px\" height=\"20px\" xmlns=\"http:\/\/www.w3.org\/2000\/svg\" viewBox=\"0 0 18 32\"><path fill=\"#3b5998\" d=\"M17.1 0.2v4.7h-2.8q-1.5 0-2.1 0.6t-0.5 1.9v3.4h5.2l-0.7 5.3h-4.5v13.6h-5.5v-13.6h-4.5v-5.3h4.5v-3.9q0-3.3 1.9-5.2t5-1.8q2.6 0 4.1 0.2z\"\/><\/svg><\/span><span class=\"shariff-text\">teilen<\/span>&nbsp;<span data-service=\"facebook\" style=\"color:#3b5998\" class=\"shariff-count shariff-hidezero\"><\/span>&nbsp;<\/a><\/li><li class=\"shariff-button twitter shariff-nocustomcolor\" style=\"background-color:#32bbf5\"><a href=\"https:\/\/twitter.com\/share?url=https%3A%2F%2Fwolfsmonitor.de%2F%3Fp%3D7265&text=Nun%20amtlich%3A%20Goldenstedter%20W%C3%B6lfin%20nicht%20mehr%20allein%21\" title=\"Bei Twitter teilen\" aria-label=\"Bei Twitter teilen\" role=\"button\" rel=\"noopener nofollow\" class=\"shariff-link\" style=\"; background-color:#55acee; color:#fff\" target=\"_blank\"><span class=\"shariff-icon\" style=\"\"><svg width=\"32px\" height=\"20px\" xmlns=\"http:\/\/www.w3.org\/2000\/svg\" viewBox=\"0 0 30 32\"><path fill=\"#55acee\" d=\"M29.7 6.8q-1.2 1.8-3 3.1 0 0.3 0 0.8 0 2.5-0.7 4.9t-2.2 4.7-3.5 4-4.9 2.8-6.1 1q-5.1 0-9.3-2.7 0.6 0.1 1.5 0.1 4.3 0 7.6-2.6-2-0.1-3.5-1.2t-2.2-3q0.6 0.1 1.1 0.1 0.8 0 1.6-0.2-2.1-0.4-3.5-2.1t-1.4-3.9v-0.1q1.3 0.7 2.8 0.8-1.2-0.8-2-2.2t-0.7-2.9q0-1.7 0.8-3.1 2.3 2.8 5.5 4.5t7 1.9q-0.2-0.7-0.2-1.4 0-2.5 1.8-4.3t4.3-1.8q2.7 0 4.5 1.9 2.1-0.4 3.9-1.5-0.7 2.2-2.7 3.4 1.8-0.2 3.5-0.9z\"\/><\/svg><\/span><span class=\"shariff-text\">twittern<\/span>&nbsp;<span data-service=\"twitter\" style=\"color:#55acee\" class=\"shariff-count shariff-hidezero\"><\/span>&nbsp;<\/a><\/li><li class=\"shariff-button rss shariff-nocustomcolor\" style=\"background-color:#ff8c00\"><a href=\"https:\/\/wolfsmonitor.de\/?feed=rss\" title=\"RSS-feed\" aria-label=\"RSS-feed\" role=\"button\" class=\"shariff-link\" style=\"; background-color:#fe9312; color:#fff\" target=\"_blank\"><span class=\"shariff-icon\" style=\"\"><svg width=\"32px\" height=\"20px\" xmlns=\"http:\/\/www.w3.org\/2000\/svg\" viewBox=\"0 0 32 32\"><path fill=\"#fe9312\" d=\"M4.3 23.5c-2.3 0-4.3 1.9-4.3 4.3 0 2.3 1.9 4.2 4.3 4.2 2.4 0 4.3-1.9 4.3-4.2 0-2.3-1.9-4.3-4.3-4.3zM0 10.9v6.1c4 0 7.7 1.6 10.6 4.4 2.8 2.8 4.4 6.6 4.4 10.6h6.2c0-11.7-9.5-21.1-21.1-21.1zM0 0v6.1c14.2 0 25.8 11.6 25.8 25.9h6.2c0-17.6-14.4-32-32-32z\"\/><\/svg><\/span><span class=\"shariff-text\">RSS-feed<\/span>&nbsp;<\/a><\/li><li class=\"shariff-button mailto shariff-nocustomcolor\" style=\"background-color:#a8a8a8\"><a href=\"mailto:?body=https%3A%2F%2Fwolfsmonitor.de%2F%3Fp%3D7265&subject=Nun%20amtlich%3A%20Goldenstedter%20W%C3%B6lfin%20nicht%20mehr%20allein%21\" title=\"Per E-Mail versenden\" aria-label=\"Per E-Mail versenden\" role=\"button\" rel=\"noopener nofollow\" class=\"shariff-link\" style=\"; background-color:#999; color:#fff\"><span class=\"shariff-icon\" style=\"\"><svg width=\"32px\" height=\"20px\" xmlns=\"http:\/\/www.w3.org\/2000\/svg\" viewBox=\"0 0 32 32\"><path fill=\"#999\" d=\"M32 12.7v14.2q0 1.2-0.8 2t-2 0.9h-26.3q-1.2 0-2-0.9t-0.8-2v-14.2q0.8 0.9 1.8 1.6 6.5 4.4 8.9 6.1 1 0.8 1.6 1.2t1.7 0.9 2 0.4h0.1q0.9 0 2-0.4t1.7-0.9 1.6-1.2q3-2.2 8.9-6.1 1-0.7 1.8-1.6zM32 7.4q0 1.4-0.9 2.7t-2.2 2.2q-6.7 4.7-8.4 5.8-0.2 0.1-0.7 0.5t-1 0.7-0.9 0.6-1.1 0.5-0.9 0.2h-0.1q-0.4 0-0.9-0.2t-1.1-0.5-0.9-0.6-1-0.7-0.7-0.5q-1.6-1.1-4.7-3.2t-3.6-2.6q-1.1-0.7-2.1-2t-1-2.5q0-1.4 0.7-2.3t2.1-0.9h26.3q1.2 0 2 0.8t0.9 2z\"\/><\/svg><\/span><span class=\"shariff-text\">E-Mail<\/span>&nbsp;<\/a><\/li><li class=\"shariff-button info shariff-nocustomcolor\" style=\"background-color:#a8a8a8\"><a href=\"http:\/\/ct.de\/-2467514\" title=\"Weitere Informationen\" aria-label=\"Weitere Informationen\" role=\"button\" rel=\"noopener \" class=\"shariff-link\" style=\"; background-color:#999; color:#fff\" target=\"_blank\"><span class=\"shariff-icon\" style=\"\"><svg width=\"32px\" height=\"20px\" xmlns=\"http:\/\/www.w3.org\/2000\/svg\" viewBox=\"0 0 11 32\"><path fill=\"#999\" d=\"M11.4 24v2.3q0 0.5-0.3 0.8t-0.8 0.4h-9.1q-0.5 0-0.8-0.4t-0.4-0.8v-2.3q0-0.5 0.4-0.8t0.8-0.4h1.1v-6.8h-1.1q-0.5 0-0.8-0.4t-0.4-0.8v-2.3q0-0.5 0.4-0.8t0.8-0.4h6.8q0.5 0 0.8 0.4t0.4 0.8v10.3h1.1q0.5 0 0.8 0.4t0.3 0.8zM9.2 3.4v3.4q0 0.5-0.4 0.8t-0.8 0.4h-4.6q-0.4 0-0.8-0.4t-0.4-0.8v-3.4q0-0.4 0.4-0.8t0.8-0.4h4.6q0.5 0 0.8 0.4t0.4 0.8z\"\/><\/svg><\/span><\/a><\/li><\/ul><\/div>","protected":false},"excerpt":{"rendered":"<p>Der Nieders\u00e4chsische Landesbetrieb f\u00fcr Wasserwirtschaft, K\u00fcsten- und Naturschutz (NLWKN) informiert bez\u00fcglich der Region Diepholz-Oldenburg-Vechta (in der bisher die Goldenstedter W\u00f6lfin &#8211; auch als Barnstorfer F\u00e4he bekannt &#8211; offiziell allein unterwegs war) mit heutigem Datum \u00fcber den Nachweis eines zweiten Wolfes (im Wortlaut): &#8222;Aktuell zwei W\u00f6lfe in der Region Diepholz-Oldenburg-Vechta Wolfsb\u00fcro: R\u00fcde aus Mecklenburg-Vorpommern genetisch nachgewiesen<\/p>\n<div class=\"shariff shariff-align-center shariff-widget-align-center\" data-services=\"facebook%7Ctwitter\" data-url=\"https%3A%2F%2Fwolfsmonitor.de%2F%3Fp%3D7265\" data-timestamp=\"1525530335\" data-backendurl=\"?rest_route=\/shariff\/v1\/share_counts&\"><ul class=\"shariff-buttons theme-color orientation-horizontal buttonsize-small\"><li class=\"shariff-button facebook shariff-nocustomcolor\" style=\"background-color:#4273c8\"><a href=\"https:\/\/www.facebook.com\/sharer\/sharer.php?u=https%3A%2F%2Fwolfsmonitor.de%2F%3Fp%3D7265\" title=\"Bei Facebook teilen\" aria-label=\"Bei Facebook teilen\" role=\"button\" rel=\"nofollow\" class=\"shariff-link\" style=\"; background-color:#3b5998; color:#fff\" target=\"_blank\"><span class=\"shariff-icon\" style=\"\"><svg width=\"32px\" height=\"20px\" xmlns=\"http:\/\/www.w3.org\/2000\/svg\" viewBox=\"0 0 18 32\"><path fill=\"#3b5998\" d=\"M17.1 0.2v4.7h-2.8q-1.5 0-2.1 0.6t-0.5 1.9v3.4h5.2l-0.7 5.3h-4.5v13.6h-5.5v-13.6h-4.5v-5.3h4.5v-3.9q0-3.3 1.9-5.2t5-1.8q2.6 0 4.1 0.2z\"\/><\/svg><\/span><span class=\"shariff-text\">teilen<\/span>&nbsp;<span data-service=\"facebook\" style=\"color:#3b5998\" class=\"shariff-count shariff-hidezero\"><\/span>&nbsp;<\/a><\/li><li class=\"shariff-button twitter shariff-nocustomcolor\" style=\"background-color:#32bbf5\"><a href=\"https:\/\/twitter.com\/share?url=https%3A%2F%2Fwolfsmonitor.de%2F%3Fp%3D7265&text=Nun%20amtlich%3A%20Goldenstedter%20W%C3%B6lfin%20nicht%20mehr%20allein%21\" title=\"Bei Twitter teilen\" aria-label=\"Bei Twitter teilen\" role=\"button\" rel=\"noopener nofollow\" class=\"shariff-link\" style=\"; background-color:#55acee; color:#fff\" target=\"_blank\"><span class=\"shariff-icon\" style=\"\"><svg width=\"32px\" height=\"20px\" xmlns=\"http:\/\/www.w3.org\/2000\/svg\" viewBox=\"0 0 30 32\"><path fill=\"#55acee\" d=\"M29.7 6.8q-1.2 1.8-3 3.1 0 0.3 0 0.8 0 2.5-0.7 4.9t-2.2 4.7-3.5 4-4.9 2.8-6.1 1q-5.1 0-9.3-2.7 0.6 0.1 1.5 0.1 4.3 0 7.6-2.6-2-0.1-3.5-1.2t-2.2-3q0.6 0.1 1.1 0.1 0.8 0 1.6-0.2-2.1-0.4-3.5-2.1t-1.4-3.9v-0.1q1.3 0.7 2.8 0.8-1.2-0.8-2-2.2t-0.7-2.9q0-1.7 0.8-3.1 2.3 2.8 5.5 4.5t7 1.9q-0.2-0.7-0.2-1.4 0-2.5 1.8-4.3t4.3-1.8q2.7 0 4.5 1.9 2.1-0.4 3.9-1.5-0.7 2.2-2.7 3.4 1.8-0.2 3.5-0.9z\"\/><\/svg><\/span><span class=\"shariff-text\">twittern<\/span>&nbsp;<span data-service=\"twitter\" style=\"color:#55acee\" class=\"shariff-count shariff-hidezero\"><\/span>&nbsp;<\/a><\/li><li class=\"shariff-button rss shariff-nocustomcolor\" style=\"background-color:#ff8c00\"><a href=\"https:\/\/wolfsmonitor.de\/?feed=rss\" title=\"RSS-feed\" aria-label=\"RSS-feed\" role=\"button\" class=\"shariff-link\" style=\"; background-color:#fe9312; color:#fff\" target=\"_blank\"><span class=\"shariff-icon\" style=\"\"><svg width=\"32px\" height=\"20px\" xmlns=\"http:\/\/www.w3.org\/2000\/svg\" viewBox=\"0 0 32 32\"><path fill=\"#fe9312\" d=\"M4.3 23.5c-2.3 0-4.3 1.9-4.3 4.3 0 2.3 1.9 4.2 4.3 4.2 2.4 0 4.3-1.9 4.3-4.2 0-2.3-1.9-4.3-4.3-4.3zM0 10.9v6.1c4 0 7.7 1.6 10.6 4.4 2.8 2.8 4.4 6.6 4.4 10.6h6.2c0-11.7-9.5-21.1-21.1-21.1zM0 0v6.1c14.2 0 25.8 11.6 25.8 25.9h6.2c0-17.6-14.4-32-32-32z\"\/><\/svg><\/span><span class=\"shariff-text\">RSS-feed<\/span>&nbsp;<\/a><\/li><li class=\"shariff-button mailto shariff-nocustomcolor\" style=\"background-color:#a8a8a8\"><a href=\"mailto:?body=https%3A%2F%2Fwolfsmonitor.de%2F%3Fp%3D7265&subject=Nun%20amtlich%3A%20Goldenstedter%20W%C3%B6lfin%20nicht%20mehr%20allein%21\" title=\"Per E-Mail versenden\" aria-label=\"Per E-Mail versenden\" role=\"button\" rel=\"noopener nofollow\" class=\"shariff-link\" style=\"; background-color:#999; color:#fff\"><span class=\"shariff-icon\" style=\"\"><svg width=\"32px\" height=\"20px\" xmlns=\"http:\/\/www.w3.org\/2000\/svg\" viewBox=\"0 0 32 32\"><path fill=\"#999\" d=\"M32 12.7v14.2q0 1.2-0.8 2t-2 0.9h-26.3q-1.2 0-2-0.9t-0.8-2v-14.2q0.8 0.9 1.8 1.6 6.5 4.4 8.9 6.1 1 0.8 1.6 1.2t1.7 0.9 2 0.4h0.1q0.9 0 2-0.4t1.7-0.9 1.6-1.2q3-2.2 8.9-6.1 1-0.7 1.8-1.6zM32 7.4q0 1.4-0.9 2.7t-2.2 2.2q-6.7 4.7-8.4 5.8-0.2 0.1-0.7 0.5t-1 0.7-0.9 0.6-1.1 0.5-0.9 0.2h-0.1q-0.4 0-0.9-0.2t-1.1-0.5-0.9-0.6-1-0.7-0.7-0.5q-1.6-1.1-4.7-3.2t-3.6-2.6q-1.1-0.7-2.1-2t-1-2.5q0-1.4 0.7-2.3t2.1-0.9h26.3q1.2 0 2 0.8t0.9 2z\"\/><\/svg><\/span><span class=\"shariff-text\">E-Mail<\/span>&nbsp;<\/a><\/li><li class=\"shariff-button info shariff-nocustomcolor\" style=\"background-color:#a8a8a8\"><a href=\"http:\/\/ct.de\/-2467514\" title=\"Weitere Informationen\" aria-label=\"Weitere Informationen\" role=\"button\" rel=\"noopener \" class=\"shariff-link\" style=\"; background-color:#999; color:#fff\" target=\"_blank\"><span class=\"shariff-icon\" style=\"\"><svg width=\"32px\" height=\"20px\" xmlns=\"http:\/\/www.w3.org\/2000\/svg\" viewBox=\"0 0 11 32\"><path fill=\"#999\" d=\"M11.4 24v2.3q0 0.5-0.3 0.8t-0.8 0.4h-9.1q-0.5 0-0.8-0.4t-0.4-0.8v-2.3q0-0.5 0.4-0.8t0.8-0.4h1.1v-6.8h-1.1q-0.5 0-0.8-0.4t-0.4-0.8v-2.3q0-0.5 0.4-0.8t0.8-0.4h6.8q0.5 0 0.8 0.4t0.4 0.8v10.3h1.1q0.5 0 0.8 0.4t0.3 0.8zM9.2 3.4v3.4q0 0.5-0.4 0.8t-0.8 0.4h-4.6q-0.4 0-0.8-0.4t-0.4-0.8v-3.4q0-0.4 0.4-0.8t0.8-0.4h4.6q0.5 0 0.8 0.4t0.4 0.8z\"\/><\/svg><\/span><\/a><\/li><\/ul><\/div>","protected":false},"author":1,"featured_media":3508,"comment_status":"closed","ping_status":"open","sticky":false,"template":"","format":"standard","meta":{"spay_email":""},"categories":[2852],"tags":[4306,574,1423,8,3065,155,579,5234,5236,50,43,105,149,5235],"jetpack_featured_media_url":"https:\/\/i2.wp.com\/wolfsmonitor.de\/wp-content\/uploads\/2016\/05\/HA-Beitragsfoto-Presseinfo-2.jpg?fit=627%2C410&ssl=1","jetpack_shortlink":"https:\/\/wp.me\/p61YbU-1Tb","jetpack-related-posts":[{"id":1807,"url":"https:\/\/wolfsmonitor.de\/?p=1807","url_meta":{"origin":7265,"position":0},"title":"Goldenstedter W\u00f6lfin: Unzureichender Herdenschutz!","date":"16. November 2015","format":false,"excerpt":"Wie der Nieders\u00e4chsische Landesbetrieb f\u00fcr Wasserwirtschaft, K\u00fcsten und Naturschutz (NLWKN) heute in einer Pressemeldung mitteilte, k\u00f6nnen der \u201eGoldenstedter W\u00f6lfin\u201c bisher 11 von insgesamt 35 \u00dcbergriffen auf Nutztiere in der Region Vechta und Diepholz zugesprochen werden. Zu 94 % sind diese \u00dcbergriffe auf \u201eungesch\u00fctzten Weiden\u201c passiert und nur in zwei F\u00e4llen\u2026","rel":"","context":"In &quot;Standpunkte&quot;","img":{"alt_text":"Wolf im Tierpark Nordhorn","src":"https:\/\/i0.wp.com\/wolfsmonitor.de\/wp-content\/uploads\/2015\/07\/Foto-Kommentar-2.jpg?fit=586%2C513&ssl=1&resize=350%2C200","width":350,"height":200},"classes":[]},{"id":4537,"url":"https:\/\/wolfsmonitor.de\/?p=4537","url_meta":{"origin":7265,"position":1},"title":"Niedersachsen: Jungw\u00f6lfin im Heidekreis tot aufgefunden","date":"8. August 2016","format":false,"excerpt":"Das Wolfsb\u00fcro beim Nieders\u00e4chsischen Landesbetrieb f\u00fcr Wasserwirtschaft, K\u00fcsten- und Naturschutz (NLWKN) informiert (im Wortlaut): \"Junge W\u00f6lfin im Heidekreis tot aufgefunden\" Todesursache: Verkehrsunfall auf der Bundesstra\u00dfe 71 - Presseinformation vom 8. August 2016 \"Das Wolfsb\u00fcro des NLWKN (Nieders\u00e4chsischer Landesbetrieb f\u00fcr Wasserwirtschaft, K\u00fcsten- und Naturschutz) hat dar\u00fcber informiert, dass die Polizei am\u2026","rel":"","context":"In &quot;Presseinformationen&quot;","img":{"alt_text":"Foto: Naturfotograf Heiko Anders","src":"https:\/\/i2.wp.com\/wolfsmonitor.de\/wp-content\/uploads\/2016\/05\/HA-Beitragsfoto-Presseinfo-2.jpg?fit=627%2C410&ssl=1&resize=350%2C200","width":350,"height":200},"classes":[]},{"id":5720,"url":"https:\/\/wolfsmonitor.de\/?p=5720","url_meta":{"origin":7265,"position":2},"title":"Die Goldenstedter W\u00f6lfin wird nun doch besendert!","date":"28. Oktober 2016","format":false,"excerpt":"Was soll das? ...fragten sich zuletzt einige Wolfsfreunde in den sozialen Medien, nachdem sie einen \"Hallo-Niedersachsen\"-Beitrag vom NDR sahen, in dem nicht ganz vorurteilsfrei dar\u00fcber berichtet wurde, dass ein Schaf eines Hobbyz\u00fcchters in Aschen (Landkreis Diepholz) von einem Wolf gerissen und ein weiteres verletzt wurde. Allein der Beweis f\u00fcr den\u2026","rel":"","context":"In &quot;Aufgelesen&quot;","img":{"alt_text":"Foto: Wildtierfotograf Heiko Anders","src":"https:\/\/i2.wp.com\/wolfsmonitor.de\/wp-content\/uploads\/2016\/05\/HA-Beitragsfoto-Aufgelesen-2.jpg?fit=625%2C469&ssl=1&resize=350%2C200","width":350,"height":200},"classes":[]},{"id":5785,"url":"https:\/\/wolfsmonitor.de\/?p=5785","url_meta":{"origin":7265,"position":3},"title":"Gastautor Heiko Drawe: Motivation zur Besenderung der Goldenstedter W\u00f6lfin unklar!","date":"2. November 2016","format":false,"excerpt":"Heiko Drawe, stellvertretender Sprecher der Landesarbeitsgruppe Wolf im NABU Niedersachsen (LAG Wolf), meint zur erneut geplanten Besenderung der Goldenstedter W\u00f6lfin: \"Mit der Besenderung von W\u00f6lfen im Rahmen des Wanderwolfprojekts wurden viele wichtige Erkenntnisse gewonnen und wissenschaftliche Daten gesammelt. Ebenso wichtig, wie die wissenschaftliche Auswertung, sind die erhaltenen Informationen auch f\u00fcr\u2026","rel":"","context":"In &quot;Gastbeitrag&quot;","img":{"alt_text":"","src":"https:\/\/i1.wp.com\/wolfsmonitor.de\/wp-content\/uploads\/2016\/11\/Heiko-Drawe-Zuschnitt.jpg?fit=369%2C373&ssl=1&resize=350%2C200","width":350,"height":200},"classes":[]},{"id":3637,"url":"https:\/\/wolfsmonitor.de\/?p=3637","url_meta":{"origin":7265,"position":4},"title":"\u201eKurtis\u201c Schwester ist tot","date":"24. Mai 2016","format":false,"excerpt":"Wie das Wolfsb\u00fcro des Nieders\u00e4chsischen Landesbetriebs f\u00fcr Naturschutz (NLWKN) heute mitteilte, wurde bereits am Sonntagabend im n\u00f6rdlichen Teil des Truppen\u00fcbungsplatzes Munster die letzten Sommer mit einem Sendehalsband ausgestattete Wolfsf\u00e4he mit der wissenschaftlichen Bezeichnung \u201eFT10\u201c tot aufgefunden. Sie war die \u201eSchwester\u201c von Wolfsr\u00fcde \u201eKurti\u201c (MT6), der Ende April als erster vermeintlich\u2026","rel":"","context":"In &quot;Aktuell&quot;","img":{"alt_text":"Wolf (Foto: Naturfotograf Heiko Anders)","src":"https:\/\/i1.wp.com\/wolfsmonitor.de\/wp-content\/uploads\/2016\/05\/Beitragsfoto-Heiko-Anders-Aktuell.jpg?fit=654%2C492&ssl=1&resize=350%2C200","width":350,"height":200},"classes":[]},{"id":8338,"url":"https:\/\/wolfsmonitor.de\/?p=8338","url_meta":{"origin":7265,"position":5},"title":"MU-Info: Drei Antworten zum Wolf in Niedersachsen","date":"7. April 2017","format":false,"excerpt":"Heute, am 7. April 2017, ver\u00f6ffentlichte das Nieders\u00e4chsische Umweltministerium (MU) im Rahmen mehrerer Pressemitteilungen drei Antworten auf m\u00fcndliche Anfragen von Landtagsabgeordneten zu Themen rund um die W\u00f6lfe, das Monitoring und den Herdenschutz in Niedersachsen (im Wortlaut):\u00a0 a) Antwort auf die m\u00fcndliche Anfrage: Goldenstedter W\u00f6lfin noch nicht \u201eauff\u00e4llig\u201c genug? Der Nieders\u00e4chsische\u2026","rel":"","context":"In &quot;Hintergr\u00fcnde&quot;","img":{"alt_text":"Foto: Wildtierfotograf Heiko Anders","src":"https:\/\/i2.wp.com\/wolfsmonitor.de\/wp-content\/uploads\/2016\/05\/HA-Beitragsfoto-Hintergr\u00fcnde-1.jpg?fit=625%2C474&ssl=1&resize=350%2C200","width":350,"height":200},"classes":[]}],"_links":{"self":[{"href":"https:\/\/wolfsmonitor.de\/index.php?rest_route=\/wp\/v2\/posts\/7265"}],"collection":[{"href":"https:\/\/wolfsmonitor.de\/index.php?rest_route=\/wp\/v2\/posts"}],"about":[{"href":"https:\/\/wolfsmonitor.de\/index.php?rest_route=\/wp\/v2\/types\/post"}],"author":[{"embeddable":true,"href":"https:\/\/wolfsmonitor.de\/index.php?rest_route=\/wp\/v2\/users\/1"}],"replies":[{"embeddable":true,"href":"https:\/\/wolfsmonitor.de\/index.php?rest_route=%2Fwp%2Fv2%2Fcomments&post=7265"}],"version-history":[{"count":6,"href":"https:\/\/wolfsmonitor.de\/index.php?rest_route=\/wp\/v2\/posts\/7265\/revisions"}],"predecessor-version":[{"id":7273,"href":"https:\/\/wolfsmonitor.de\/index.php?rest_route=\/wp\/v2\/posts\/7265\/revisions\/7273"}],"wp:featuredmedia":[{"embeddable":true,"href":"https:\/\/wolfsmonitor.de\/index.php?rest_route=\/wp\/v2\/media\/3508"}],"wp:attachment":[{"href":"https:\/\/wolfsmonitor.de\/index.php?rest_route=%2Fwp%2Fv2%2Fmedia&parent=7265"}],"wp:term":[{"taxonomy":"category","embeddable":true,"href":"https:\/\/wolfsmonitor.de\/index.php?rest_route=%2Fwp%2Fv2%2Fcategories&post=7265"},{"taxonomy":"post_tag","embeddable":true,"href":"https:\/\/wolfsmonitor.de\/index.php?rest_route=%2Fwp%2Fv2%2Ftags&post=7265"}],"curies":[{"name":"wp","href":"https:\/\/api.w.org\/{rel}","templated":true}]}}