{"id":740,"date":"2015-07-07T20:18:06","date_gmt":"2015-07-07T20:18:06","guid":{"rendered":"http:\/\/wolfsmonitor.de\/?p=740"},"modified":"2018-05-05T14:25:39","modified_gmt":"2018-05-05T12:25:39","slug":"praesident-der-deutschen-reiterlichen-vereinigung-fn-bemaengelt-falsch-verstandenen-naturschutz","status":"publish","type":"post","link":"https:\/\/wolfsmonitor.de\/?p=740","title":{"rendered":"Pr\u00e4sident der Deutschen Reiterlichen Vereinigung (FN) bem\u00e4ngelt falsch verstandenen Naturschutz"},"content":{"rendered":"<p>Im Editorial der Juli-Ausgabe der Mitgliederzeitschrift der Deutschen Reiterlichen Vereinigung (FN), dem Dachverband vieler Z\u00fcchter, Reiter, Fahrer und Voltigierer mit immerhin rund 720.000 angeschlossenen Mitgliedern in Deutschland, meldet sich nun auch der Pr\u00e4sident, Breido Graf zu Rantzau, zum Thema Wolf zu Wort (<span style=\"color: #0000ff;\"><a style=\"color: #0000ff;\" title=\"PM Forum Editorial Juli 2015\" href=\"https:\/\/www.pm-forum-digital.de\/project\/editorial-07-2015\/\" target=\"_blank\">hier der \u00f6ffentlich zug\u00e4ngliche Link auf das Interview<\/a><\/span>).<br \/>\nEr stellt fest, dass bereits \u00fcber 50 Schafe gerissen wurden. Und, so schreibt er weiter: \u201e\u2026ist es falsch verstandener Naturschutz, das Tier zu verharmlosen und in einer dicht besiedelten Kulturlandschaft heimisch werden zu lassen. Den ungef\u00e4hrlichen Wolf, der dem Menschen fern bleibt und nicht seinem Jagdtrieb nachgeht, wird es niemals geben.\u201c<\/p>\n<p><!--more--><strong>Kommentar:<\/strong><br \/>\nNoch ein Verbandsvertreter, der die Ereignisse der letzten Wochen interessensorientiert wendet und nutzt, um sich zu Wort zu melden. Es ist allerdings erstaunlich, dass dies erst nach rund 17 Jahren Anwesenheit von W\u00f6lfen in Deutschland geschieht und dass dabei zuf\u00e4llig \u201eins gleiche Horn gesto\u00dfen\u201c wird, in das auch viele andere Funktion\u00e4re zurzeit &#8222;blasen&#8220;. (Wolfsmonitor berichtete). Und das Ganze geschieht auch noch in scheinbar v\u00f6lliger Unkenntnis der Lage, denn richtig w\u00e4re die Feststellung gewesen, dass bereits in Niedersachsen allein im Jahr 2014 weit mehr als 50 Schafe gerissen wurden. F\u00fcr Pr\u00e4sident Graf zu Rantzau scheint es zudem falsch verstandener Naturschutz zu sein, W\u00f6lfe in einer dicht besiedelten Kulturlandschaft heimisch werden zu lassen. Au\u00dferdem, so schreibt er, k\u00f6nne Schutz vor W\u00f6lfen nur die Politik gew\u00e4hren.<\/p>\n<p>Das Selbstverst\u00e4ndnis dieser Generation von Funktion\u00e4ren ist manchmal schon etwas merkw\u00fcrdig. Anstatt sich mit den Fakten vertraut zu machen und die Mitglieder \u00fcber geeignete Schutzma\u00dfnahmen zu informieren, h\u00f6rt man immer h\u00e4ufiger \u201eGeplapper und Geklapper\u201c. Denn es ist mitnichten so, dass \u201enur die Politik\u201c den geeigneten Schutz gew\u00e4hren kann. Es ist am Ende jeder einzelne Nutztierhalter selbst, der hierf\u00fcr (laut Tierschutzgesetz) Sorge zu tragen hat. Staatliche Hilfsleistungen zum Herdenschutz sind vielleicht w\u00fcnschenswert und oft sogar hilfreich, gew\u00f6hnlich jedoch &#8222;Billigkeitsleistungen&#8220;, auf die kein gesetzlicher Anspruch besteht. So sieht die triste Realit\u00e4t aus. Zu diesem sp\u00e4ten Zeitpunkt in der Diskussion mit eher schwachen Argumenten Hilfestellungen von der Politk zu fordern, wirkt, als wolle man die eigenen Unzul\u00e4nglichkeiten verbergen. \u201eDie Politik\u201c ist n\u00e4mlich am Ende eher f\u00fcr Rahmengesetzgebungen und unter Umstanden auch manchmal \u201enur\u201c f\u00fcr eine ordnungsgem\u00e4\u00dfe Durchf\u00fchrung von Gesetzen und Verordnungen \u201eh\u00f6herer Instanzen\u201c &#8211; zum Beispiel der EU &#8211; verantwortlich.<\/p>\n<p>Die R\u00fcckkehr des Wolfes bleibt \u2013 das wird erneut an diesem Beispiel deutlich \u2013 f\u00fcr viele Menschen eine Herausforderung, der man sich am liebsten gar nicht stellen will. Einigen f\u00e4llt es dabei scheinbar besonders schwer, sich mit neuen Entwicklungen anzufreunden, anderen jedoch weniger. Es gibt gen\u00fcgend gute Beispiele von Nutztierhaltern, die zwar auch keinen Beifall \u00fcber die R\u00fcckkehr der Beutegreifer klatschen, ihre Tiere dennoch wirksam vor ihnen sch\u00fctzen. Ein Blick in diese Richtung ist im Zeitalter des Internets leicht m\u00f6glich und w\u00e4re sicherlich auch f\u00fcr den Grafen hilfreich. Er wird dabei feststellen, dass die Herausforderungen, die durch die Wolfsr\u00fcckkehr entstehen, f\u00fcr viele Nutztierhalter so neu gar nicht sind und von diesen t\u00e4glich gemeistert werden. Ein Blick gen S\u00fcden oder Osten d\u00fcrfte Aufschluss dar\u00fcber geben.<\/p>\n<p>Wie wohltuend liest sich im Vergleich dazu die Stellungnahme des zweiten gro\u00dfen deutschen reiterlichen Verbandes, der \u201eVereinigung der Freizeitreiter und \u2013fahrer in Deutschland e.V.\u201c (VFD),\u00a0 in der sich der Verband so ganz anders zum Wolf \u00e4u\u00dfert. Lesen Sie bitte dieses Statement selbst (<span style=\"color: #0000ff;\"><a style=\"color: #0000ff;\" title=\"Position VFD\" href=\"http:\/\/www.vfdnet.de\/index.php\/7047-wolf-und-pferd-eine-standortbestimmung-aus-sicht-des-freizeit-und-gelaendereiters\" target=\"_blank\">hier der Link<\/a><\/span>) und entscheiden Sie, welche Haltung Ihnen pers\u00f6nlich angemessener erscheint. Bleibt am Ende nur zu hoffen, dass auch der VFD am 08. Juli zum \u201eRunden Tisch\u201c des Bundesumweltministeriums in Berlin eingeladen wurde, ansonsten k\u00f6nnte die Diskussion dort sehr einsilbig verlaufen.<\/p>\n<hr \/>\n<p>Herzlichst<br \/>\nIhr<br \/>\nJ\u00fcrgen Vogler<br \/>\n<img loading=\"lazy\" src=\"http:\/\/vg08.met.vgwort.de\/na\/123f4c65e501454c81d595a5bfd825a1\" alt=\"\" width=\"1\" height=\"1\" \/><\/p>\n<div class=\"shariff shariff-align-center shariff-widget-align-center\" data-services=\"facebook%7Ctwitter\" data-url=\"https%3A%2F%2Fwolfsmonitor.de%2F%3Fp%3D740\" data-timestamp=\"1525530339\" data-backendurl=\"?rest_route=\/shariff\/v1\/share_counts&\"><ul class=\"shariff-buttons theme-color orientation-horizontal buttonsize-small\"><li class=\"shariff-button facebook shariff-nocustomcolor\" style=\"background-color:#4273c8\"><a href=\"https:\/\/www.facebook.com\/sharer\/sharer.php?u=https%3A%2F%2Fwolfsmonitor.de%2F%3Fp%3D740\" title=\"Bei Facebook teilen\" aria-label=\"Bei Facebook teilen\" role=\"button\" rel=\"nofollow\" class=\"shariff-link\" style=\"; background-color:#3b5998; color:#fff\" target=\"_blank\"><span class=\"shariff-icon\" style=\"\"><svg width=\"32px\" height=\"20px\" xmlns=\"http:\/\/www.w3.org\/2000\/svg\" viewBox=\"0 0 18 32\"><path fill=\"#3b5998\" d=\"M17.1 0.2v4.7h-2.8q-1.5 0-2.1 0.6t-0.5 1.9v3.4h5.2l-0.7 5.3h-4.5v13.6h-5.5v-13.6h-4.5v-5.3h4.5v-3.9q0-3.3 1.9-5.2t5-1.8q2.6 0 4.1 0.2z\"\/><\/svg><\/span><span class=\"shariff-text\">teilen<\/span>&nbsp;<span data-service=\"facebook\" style=\"color:#3b5998\" class=\"shariff-count shariff-hidezero\"><\/span>&nbsp;<\/a><\/li><li class=\"shariff-button twitter shariff-nocustomcolor\" style=\"background-color:#32bbf5\"><a href=\"https:\/\/twitter.com\/share?url=https%3A%2F%2Fwolfsmonitor.de%2F%3Fp%3D740&text=Pr%C3%A4sident%20der%20Deutschen%20Reiterlichen%20Vereinigung%20%28FN%29%20bem%C3%A4ngelt%20falsch%20verstandenen%20Naturschutz\" title=\"Bei Twitter teilen\" aria-label=\"Bei Twitter teilen\" role=\"button\" rel=\"noopener nofollow\" class=\"shariff-link\" style=\"; background-color:#55acee; color:#fff\" target=\"_blank\"><span class=\"shariff-icon\" style=\"\"><svg width=\"32px\" height=\"20px\" xmlns=\"http:\/\/www.w3.org\/2000\/svg\" viewBox=\"0 0 30 32\"><path fill=\"#55acee\" d=\"M29.7 6.8q-1.2 1.8-3 3.1 0 0.3 0 0.8 0 2.5-0.7 4.9t-2.2 4.7-3.5 4-4.9 2.8-6.1 1q-5.1 0-9.3-2.7 0.6 0.1 1.5 0.1 4.3 0 7.6-2.6-2-0.1-3.5-1.2t-2.2-3q0.6 0.1 1.1 0.1 0.8 0 1.6-0.2-2.1-0.4-3.5-2.1t-1.4-3.9v-0.1q1.3 0.7 2.8 0.8-1.2-0.8-2-2.2t-0.7-2.9q0-1.7 0.8-3.1 2.3 2.8 5.5 4.5t7 1.9q-0.2-0.7-0.2-1.4 0-2.5 1.8-4.3t4.3-1.8q2.7 0 4.5 1.9 2.1-0.4 3.9-1.5-0.7 2.2-2.7 3.4 1.8-0.2 3.5-0.9z\"\/><\/svg><\/span><span class=\"shariff-text\">twittern<\/span>&nbsp;<span data-service=\"twitter\" style=\"color:#55acee\" class=\"shariff-count shariff-hidezero\"><\/span>&nbsp;<\/a><\/li><li class=\"shariff-button rss shariff-nocustomcolor\" style=\"background-color:#ff8c00\"><a href=\"https:\/\/wolfsmonitor.de\/?feed=rss\" title=\"RSS-feed\" aria-label=\"RSS-feed\" role=\"button\" class=\"shariff-link\" style=\"; background-color:#fe9312; color:#fff\" target=\"_blank\"><span class=\"shariff-icon\" style=\"\"><svg width=\"32px\" height=\"20px\" xmlns=\"http:\/\/www.w3.org\/2000\/svg\" viewBox=\"0 0 32 32\"><path fill=\"#fe9312\" d=\"M4.3 23.5c-2.3 0-4.3 1.9-4.3 4.3 0 2.3 1.9 4.2 4.3 4.2 2.4 0 4.3-1.9 4.3-4.2 0-2.3-1.9-4.3-4.3-4.3zM0 10.9v6.1c4 0 7.7 1.6 10.6 4.4 2.8 2.8 4.4 6.6 4.4 10.6h6.2c0-11.7-9.5-21.1-21.1-21.1zM0 0v6.1c14.2 0 25.8 11.6 25.8 25.9h6.2c0-17.6-14.4-32-32-32z\"\/><\/svg><\/span><span class=\"shariff-text\">RSS-feed<\/span>&nbsp;<\/a><\/li><li class=\"shariff-button mailto shariff-nocustomcolor\" style=\"background-color:#a8a8a8\"><a href=\"mailto:?body=https%3A%2F%2Fwolfsmonitor.de%2F%3Fp%3D740&subject=Pr%C3%A4sident%20der%20Deutschen%20Reiterlichen%20Vereinigung%20%28FN%29%20bem%C3%A4ngelt%20falsch%20verstandenen%20Naturschutz\" title=\"Per E-Mail versenden\" aria-label=\"Per E-Mail versenden\" role=\"button\" rel=\"noopener nofollow\" class=\"shariff-link\" style=\"; background-color:#999; color:#fff\"><span class=\"shariff-icon\" style=\"\"><svg width=\"32px\" height=\"20px\" xmlns=\"http:\/\/www.w3.org\/2000\/svg\" viewBox=\"0 0 32 32\"><path fill=\"#999\" d=\"M32 12.7v14.2q0 1.2-0.8 2t-2 0.9h-26.3q-1.2 0-2-0.9t-0.8-2v-14.2q0.8 0.9 1.8 1.6 6.5 4.4 8.9 6.1 1 0.8 1.6 1.2t1.7 0.9 2 0.4h0.1q0.9 0 2-0.4t1.7-0.9 1.6-1.2q3-2.2 8.9-6.1 1-0.7 1.8-1.6zM32 7.4q0 1.4-0.9 2.7t-2.2 2.2q-6.7 4.7-8.4 5.8-0.2 0.1-0.7 0.5t-1 0.7-0.9 0.6-1.1 0.5-0.9 0.2h-0.1q-0.4 0-0.9-0.2t-1.1-0.5-0.9-0.6-1-0.7-0.7-0.5q-1.6-1.1-4.7-3.2t-3.6-2.6q-1.1-0.7-2.1-2t-1-2.5q0-1.4 0.7-2.3t2.1-0.9h26.3q1.2 0 2 0.8t0.9 2z\"\/><\/svg><\/span><span class=\"shariff-text\">E-Mail<\/span>&nbsp;<\/a><\/li><li class=\"shariff-button info shariff-nocustomcolor\" style=\"background-color:#a8a8a8\"><a href=\"http:\/\/ct.de\/-2467514\" title=\"Weitere Informationen\" aria-label=\"Weitere Informationen\" role=\"button\" rel=\"noopener \" class=\"shariff-link\" style=\"; background-color:#999; color:#fff\" target=\"_blank\"><span class=\"shariff-icon\" style=\"\"><svg width=\"32px\" height=\"20px\" xmlns=\"http:\/\/www.w3.org\/2000\/svg\" viewBox=\"0 0 11 32\"><path fill=\"#999\" d=\"M11.4 24v2.3q0 0.5-0.3 0.8t-0.8 0.4h-9.1q-0.5 0-0.8-0.4t-0.4-0.8v-2.3q0-0.5 0.4-0.8t0.8-0.4h1.1v-6.8h-1.1q-0.5 0-0.8-0.4t-0.4-0.8v-2.3q0-0.5 0.4-0.8t0.8-0.4h6.8q0.5 0 0.8 0.4t0.4 0.8v10.3h1.1q0.5 0 0.8 0.4t0.3 0.8zM9.2 3.4v3.4q0 0.5-0.4 0.8t-0.8 0.4h-4.6q-0.4 0-0.8-0.4t-0.4-0.8v-3.4q0-0.4 0.4-0.8t0.8-0.4h4.6q0.5 0 0.8 0.4t0.4 0.8z\"\/><\/svg><\/span><\/a><\/li><\/ul><\/div>","protected":false},"excerpt":{"rendered":"<p>Im Editorial der Juli-Ausgabe der Mitgliederzeitschrift der Deutschen Reiterlichen Vereinigung (FN), dem Dachverband vieler Z\u00fcchter, Reiter, Fahrer und Voltigierer mit immerhin rund 720.000 angeschlossenen Mitgliedern in Deutschland, meldet sich nun auch der Pr\u00e4sident, Breido Graf zu Rantzau, zum Thema Wolf zu Wort (hier der \u00f6ffentlich zug\u00e4ngliche Link auf das Interview). Er stellt fest, dass bereits [&hellip;]<\/p>\n<div class=\"shariff shariff-align-center shariff-widget-align-center\" data-services=\"facebook%7Ctwitter\" data-url=\"https%3A%2F%2Fwolfsmonitor.de%2F%3Fp%3D740\" data-timestamp=\"1525530339\" data-backendurl=\"?rest_route=\/shariff\/v1\/share_counts&\"><ul class=\"shariff-buttons theme-color orientation-horizontal buttonsize-small\"><li class=\"shariff-button facebook shariff-nocustomcolor\" style=\"background-color:#4273c8\"><a href=\"https:\/\/www.facebook.com\/sharer\/sharer.php?u=https%3A%2F%2Fwolfsmonitor.de%2F%3Fp%3D740\" title=\"Bei Facebook teilen\" aria-label=\"Bei Facebook teilen\" role=\"button\" rel=\"nofollow\" class=\"shariff-link\" style=\"; background-color:#3b5998; color:#fff\" target=\"_blank\"><span class=\"shariff-icon\" style=\"\"><svg width=\"32px\" height=\"20px\" xmlns=\"http:\/\/www.w3.org\/2000\/svg\" viewBox=\"0 0 18 32\"><path fill=\"#3b5998\" d=\"M17.1 0.2v4.7h-2.8q-1.5 0-2.1 0.6t-0.5 1.9v3.4h5.2l-0.7 5.3h-4.5v13.6h-5.5v-13.6h-4.5v-5.3h4.5v-3.9q0-3.3 1.9-5.2t5-1.8q2.6 0 4.1 0.2z\"\/><\/svg><\/span><span class=\"shariff-text\">teilen<\/span>&nbsp;<span data-service=\"facebook\" style=\"color:#3b5998\" class=\"shariff-count shariff-hidezero\"><\/span>&nbsp;<\/a><\/li><li class=\"shariff-button twitter shariff-nocustomcolor\" style=\"background-color:#32bbf5\"><a href=\"https:\/\/twitter.com\/share?url=https%3A%2F%2Fwolfsmonitor.de%2F%3Fp%3D740&text=Pr%C3%A4sident%20der%20Deutschen%20Reiterlichen%20Vereinigung%20%28FN%29%20bem%C3%A4ngelt%20falsch%20verstandenen%20Naturschutz\" title=\"Bei Twitter teilen\" aria-label=\"Bei Twitter teilen\" role=\"button\" rel=\"noopener nofollow\" class=\"shariff-link\" style=\"; background-color:#55acee; color:#fff\" target=\"_blank\"><span class=\"shariff-icon\" style=\"\"><svg width=\"32px\" height=\"20px\" xmlns=\"http:\/\/www.w3.org\/2000\/svg\" viewBox=\"0 0 30 32\"><path fill=\"#55acee\" d=\"M29.7 6.8q-1.2 1.8-3 3.1 0 0.3 0 0.8 0 2.5-0.7 4.9t-2.2 4.7-3.5 4-4.9 2.8-6.1 1q-5.1 0-9.3-2.7 0.6 0.1 1.5 0.1 4.3 0 7.6-2.6-2-0.1-3.5-1.2t-2.2-3q0.6 0.1 1.1 0.1 0.8 0 1.6-0.2-2.1-0.4-3.5-2.1t-1.4-3.9v-0.1q1.3 0.7 2.8 0.8-1.2-0.8-2-2.2t-0.7-2.9q0-1.7 0.8-3.1 2.3 2.8 5.5 4.5t7 1.9q-0.2-0.7-0.2-1.4 0-2.5 1.8-4.3t4.3-1.8q2.7 0 4.5 1.9 2.1-0.4 3.9-1.5-0.7 2.2-2.7 3.4 1.8-0.2 3.5-0.9z\"\/><\/svg><\/span><span class=\"shariff-text\">twittern<\/span>&nbsp;<span data-service=\"twitter\" style=\"color:#55acee\" class=\"shariff-count shariff-hidezero\"><\/span>&nbsp;<\/a><\/li><li class=\"shariff-button rss shariff-nocustomcolor\" style=\"background-color:#ff8c00\"><a href=\"https:\/\/wolfsmonitor.de\/?feed=rss\" title=\"RSS-feed\" aria-label=\"RSS-feed\" role=\"button\" class=\"shariff-link\" style=\"; background-color:#fe9312; color:#fff\" target=\"_blank\"><span class=\"shariff-icon\" style=\"\"><svg width=\"32px\" height=\"20px\" xmlns=\"http:\/\/www.w3.org\/2000\/svg\" viewBox=\"0 0 32 32\"><path fill=\"#fe9312\" d=\"M4.3 23.5c-2.3 0-4.3 1.9-4.3 4.3 0 2.3 1.9 4.2 4.3 4.2 2.4 0 4.3-1.9 4.3-4.2 0-2.3-1.9-4.3-4.3-4.3zM0 10.9v6.1c4 0 7.7 1.6 10.6 4.4 2.8 2.8 4.4 6.6 4.4 10.6h6.2c0-11.7-9.5-21.1-21.1-21.1zM0 0v6.1c14.2 0 25.8 11.6 25.8 25.9h6.2c0-17.6-14.4-32-32-32z\"\/><\/svg><\/span><span class=\"shariff-text\">RSS-feed<\/span>&nbsp;<\/a><\/li><li class=\"shariff-button mailto shariff-nocustomcolor\" style=\"background-color:#a8a8a8\"><a href=\"mailto:?body=https%3A%2F%2Fwolfsmonitor.de%2F%3Fp%3D740&subject=Pr%C3%A4sident%20der%20Deutschen%20Reiterlichen%20Vereinigung%20%28FN%29%20bem%C3%A4ngelt%20falsch%20verstandenen%20Naturschutz\" title=\"Per E-Mail versenden\" aria-label=\"Per E-Mail versenden\" role=\"button\" rel=\"noopener nofollow\" class=\"shariff-link\" style=\"; background-color:#999; color:#fff\"><span class=\"shariff-icon\" style=\"\"><svg width=\"32px\" height=\"20px\" xmlns=\"http:\/\/www.w3.org\/2000\/svg\" viewBox=\"0 0 32 32\"><path fill=\"#999\" d=\"M32 12.7v14.2q0 1.2-0.8 2t-2 0.9h-26.3q-1.2 0-2-0.9t-0.8-2v-14.2q0.8 0.9 1.8 1.6 6.5 4.4 8.9 6.1 1 0.8 1.6 1.2t1.7 0.9 2 0.4h0.1q0.9 0 2-0.4t1.7-0.9 1.6-1.2q3-2.2 8.9-6.1 1-0.7 1.8-1.6zM32 7.4q0 1.4-0.9 2.7t-2.2 2.2q-6.7 4.7-8.4 5.8-0.2 0.1-0.7 0.5t-1 0.7-0.9 0.6-1.1 0.5-0.9 0.2h-0.1q-0.4 0-0.9-0.2t-1.1-0.5-0.9-0.6-1-0.7-0.7-0.5q-1.6-1.1-4.7-3.2t-3.6-2.6q-1.1-0.7-2.1-2t-1-2.5q0-1.4 0.7-2.3t2.1-0.9h26.3q1.2 0 2 0.8t0.9 2z\"\/><\/svg><\/span><span class=\"shariff-text\">E-Mail<\/span>&nbsp;<\/a><\/li><li class=\"shariff-button info shariff-nocustomcolor\" style=\"background-color:#a8a8a8\"><a href=\"http:\/\/ct.de\/-2467514\" title=\"Weitere Informationen\" aria-label=\"Weitere Informationen\" role=\"button\" rel=\"noopener \" class=\"shariff-link\" style=\"; background-color:#999; color:#fff\" target=\"_blank\"><span class=\"shariff-icon\" style=\"\"><svg width=\"32px\" height=\"20px\" xmlns=\"http:\/\/www.w3.org\/2000\/svg\" viewBox=\"0 0 11 32\"><path fill=\"#999\" d=\"M11.4 24v2.3q0 0.5-0.3 0.8t-0.8 0.4h-9.1q-0.5 0-0.8-0.4t-0.4-0.8v-2.3q0-0.5 0.4-0.8t0.8-0.4h1.1v-6.8h-1.1q-0.5 0-0.8-0.4t-0.4-0.8v-2.3q0-0.5 0.4-0.8t0.8-0.4h6.8q0.5 0 0.8 0.4t0.4 0.8v10.3h1.1q0.5 0 0.8 0.4t0.3 0.8zM9.2 3.4v3.4q0 0.5-0.4 0.8t-0.8 0.4h-4.6q-0.4 0-0.8-0.4t-0.4-0.8v-3.4q0-0.4 0.4-0.8t0.8-0.4h4.6q0.5 0 0.8 0.4t0.4 0.8z\"\/><\/svg><\/span><\/a><\/li><\/ul><\/div>","protected":false},"author":1,"featured_media":247,"comment_status":"closed","ping_status":"open","sticky":false,"template":"","format":"standard","meta":{"spay_email":""},"categories":[3],"tags":[368,366,367,135,370,369,372,371,232],"jetpack_featured_media_url":"https:\/\/i1.wp.com\/wolfsmonitor.de\/wp-content\/uploads\/2015\/04\/WM-Kommentar.jpg?fit=512%2C442&ssl=1","jetpack_shortlink":"https:\/\/wp.me\/p61YbU-bW","jetpack-related-posts":[{"id":14381,"url":"https:\/\/wolfsmonitor.de\/?p=14381","url_meta":{"origin":740,"position":0},"title":"Die Klamottenkiste des Reiterpr\u00e4sidenten","date":"26. Juli 2018","format":false,"excerpt":"Er wohnt nicht nur in einem M\u00e4rchenschloss, nun pr\u00e4sentiert er sich auch noch als M\u00e4rchenonkel. Die Rede ist vom Pr\u00e4sidenten der Deutschen Reiterlichen Vereinigung (FN), Breido Graf zu Rantzau. In einem Interview, das er jetzt mit den Kieler Nachrichten f\u00fchrte, hei\u00dft es, er k\u00e4mpfe bereits seit Jahren gegen eine \u201eLobby\u2026","rel":"","context":"In &quot;Standpunkte&quot;","img":{"alt_text":"Wolf im Tierpark Nordhorn","src":"https:\/\/i1.wp.com\/wolfsmonitor.de\/wp-content\/uploads\/2015\/04\/WM-Kommentar.jpg?fit=512%2C442&ssl=1&resize=350%2C200","width":350,"height":200},"classes":[]},{"id":784,"url":"https:\/\/wolfsmonitor.de\/?p=784","url_meta":{"origin":740,"position":1},"title":"Schie\u00dfen? Sofort Schie\u00dfen?","date":"13. Juli 2015","format":false,"excerpt":"In den sozialen Medien sorgte am Wochenende ein in der \"taz\"* unter der \u00dcberschrift \u201eSchie\u00dfen! Sofort Schie\u00dfen!\u201c ver\u00f6ffentlichtes Interview mit dem Gesch\u00e4ftsf\u00fchrer des Bauernbundes in Brandenburg f\u00fcr Aufregung (hier der Link). Kommentar: Reinhard Jung ist Medienprofi. So sollte man meinen. Ein Blick auf seine Webseite offenbart zumindest, dass er bereits\u2026","rel":"","context":"In &quot;Standpunkte&quot;","img":{"alt_text":"Wolf im Tierpark Nordhorn","src":"https:\/\/i1.wp.com\/wolfsmonitor.de\/wp-content\/uploads\/2015\/04\/WM-Kommentar.jpg?fit=512%2C442&ssl=1&resize=350%2C200","width":350,"height":200},"classes":[]},{"id":12134,"url":"https:\/\/wolfsmonitor.de\/?p=12134","url_meta":{"origin":740,"position":2},"title":"F\u00fcr Pferdehalter: Als Verbandsmitglied neuerdings gegen Wolfsrisse versichert","date":"13. Januar 2018","format":false,"excerpt":"Vereine und Verb\u00e4nde bieten ihren Mitgliedern oft so manchen Vorteil. Einer dieser Vorteile ist seit Jahresbeginn die Versicherung von Pferden gegen Wolfsrisse, wenn man \u2013 wie rund 60.000 Pferdefreunde in Deutschland - \"Pers\u00f6nliches Mitglied (PM)\" in der Deutschen Reiterlichen Vereinigung (FN), dem Bundesverband f\u00fcr Pferdesport und Pferdezucht, ist. Im PM-Mitgliedsbeitrag\u2026","rel":"","context":"In &quot;Aktuell&quot;","img":{"alt_text":"","src":"https:\/\/i0.wp.com\/wolfsmonitor.de\/wp-content\/uploads\/2015\/10\/Beitragsfoto-Neu.jpg?fit=548%2C504&ssl=1&resize=350%2C200","width":350,"height":200},"classes":[]},{"id":15721,"url":"https:\/\/wolfsmonitor.de\/?p=15721","url_meta":{"origin":740,"position":3},"title":"Versicherungen gegen Wolfsrisse bei  Nutztieren? Hier gibt es sie!","date":"11. Dezember 2018","format":false,"excerpt":"Nachdem seit Beginn des Jahres Pferde automatisch gegen Wolfsrisse mitversichert sind, wenn man \u2013 wie rund 60.000 Pferdefreunde in Deutschland \u2013 \u201cPers\u00f6nliches Mitglied (PM)\u201d bei der Deutschen Reiterlichen Vereinigung (FN) ist, zieht jetzt auch die Concordia-Versicherung mit einem Angebot f\u00fcr Nutztierhalter nach. \u201eIn unserer neuen landwirtschaftlichen Inhaltsversicherung entsch\u00e4digen wir unsere\u2026","rel":"","context":"In &quot;Hintergr\u00fcnde&quot;","img":{"alt_text":"Foto: Tierfotograf Heiko Anders","src":"https:\/\/i0.wp.com\/wolfsmonitor.de\/wp-content\/uploads\/2016\/05\/HA-Beitragsfoto-Hintergr\u00fcnde-2.jpg?fit=632%2C472&ssl=1&resize=350%2C200","width":350,"height":200},"classes":[]},{"id":15803,"url":"https:\/\/wolfsmonitor.de\/?p=15803","url_meta":{"origin":740,"position":4},"title":"39 tote Schafe und ein gerissenes Shetlandpony-Fohlen","date":"17. Dezember 2018","format":false,"excerpt":"39 Schafe wurden unl\u00e4ngst bei zwei Angriffen auf eine Schafherde bei H\u00fcnxe (Kreis Wesel im nordrhein-westf\u00e4lischen Regierungsbezirk D\u00fcsseldorf) get\u00f6tet. Laut des betroffenen Sch\u00e4fers Maik D\u00fcnow habe hier ein Wolf (von Wolfsbef\u00fcrwortern wird die standorttreue W\u00f6lfin als \u201eGloria\u201c bezeichnet) nun zweimal \"hundertprozentigen Herdenschutz\" \u00fcberwunden. D\u00fcnow fordert deshalb die \"Entnahme\" der mutma\u00dflichen\u2026","rel":"","context":"In &quot;Hintergr\u00fcnde&quot;","img":{"alt_text":"Foto: Tierfotograf Heiko Anders","src":"https:\/\/i0.wp.com\/wolfsmonitor.de\/wp-content\/uploads\/2016\/05\/HA-Beitragsfoto-Hintergr\u00fcnde-2.jpg?fit=632%2C472&ssl=1&resize=350%2C200","width":350,"height":200},"classes":[]},{"id":18242,"url":"https:\/\/wolfsmonitor.de\/?p=18242","url_meta":{"origin":740,"position":5},"title":"VFD: \"Der effektivste Herdenschutz ist Pr\u00e4vention\"","date":"7. Januar 2020","format":false,"excerpt":"Die Vereinigung der Freizeitreiter und -fahrer in Deutschland e.V. (VFD) hat sich in ihrer Satzung dem Natur-, Umwelt- und Tierschutz verpflichtet. Obwohl der Wolf nach EU- und Bundesrecht in Deutschland eine streng gesch\u00fctzte Tierart ist, wird sein Lebensrecht nicht \u00fcber die Sicherheit von Menschen und ihren Haustieren gestellt. Dem Schutz\u2026","rel":"","context":"In &quot;Presseinformationen&quot;","img":{"alt_text":"Foto: Naturfotograf Heiko Anders","src":"https:\/\/i2.wp.com\/wolfsmonitor.de\/wp-content\/uploads\/2016\/05\/HA-Beitragsfoto-Presseinfo-2.jpg?fit=627%2C410&ssl=1&resize=350%2C200","width":350,"height":200},"classes":[]}],"_links":{"self":[{"href":"https:\/\/wolfsmonitor.de\/index.php?rest_route=\/wp\/v2\/posts\/740"}],"collection":[{"href":"https:\/\/wolfsmonitor.de\/index.php?rest_route=\/wp\/v2\/posts"}],"about":[{"href":"https:\/\/wolfsmonitor.de\/index.php?rest_route=\/wp\/v2\/types\/post"}],"author":[{"embeddable":true,"href":"https:\/\/wolfsmonitor.de\/index.php?rest_route=\/wp\/v2\/users\/1"}],"replies":[{"embeddable":true,"href":"https:\/\/wolfsmonitor.de\/index.php?rest_route=%2Fwp%2Fv2%2Fcomments&post=740"}],"version-history":[{"count":10,"href":"https:\/\/wolfsmonitor.de\/index.php?rest_route=\/wp\/v2\/posts\/740\/revisions"}],"predecessor-version":[{"id":750,"href":"https:\/\/wolfsmonitor.de\/index.php?rest_route=\/wp\/v2\/posts\/740\/revisions\/750"}],"wp:featuredmedia":[{"embeddable":true,"href":"https:\/\/wolfsmonitor.de\/index.php?rest_route=\/wp\/v2\/media\/247"}],"wp:attachment":[{"href":"https:\/\/wolfsmonitor.de\/index.php?rest_route=%2Fwp%2Fv2%2Fmedia&parent=740"}],"wp:term":[{"taxonomy":"category","embeddable":true,"href":"https:\/\/wolfsmonitor.de\/index.php?rest_route=%2Fwp%2Fv2%2Fcategories&post=740"},{"taxonomy":"post_tag","embeddable":true,"href":"https:\/\/wolfsmonitor.de\/index.php?rest_route=%2Fwp%2Fv2%2Ftags&post=740"}],"curies":[{"name":"wp","href":"https:\/\/api.w.org\/{rel}","templated":true}]}}