{"id":7511,"date":"2017-01-27T22:48:01","date_gmt":"2017-01-27T20:48:01","guid":{"rendered":"http:\/\/wolfsmonitor.de\/?p=7511"},"modified":"2018-05-05T14:22:56","modified_gmt":"2018-05-05T12:22:56","slug":"nabu-wolf-pumpak-zeigt-kein-verhalten-aus-dem-sich-seine-toetung-begruenden-laesst","status":"publish","type":"post","link":"https:\/\/wolfsmonitor.de\/?p=7511","title":{"rendered":"NABU: &#8222;Wolf \u201ePumpak\u201c zeigt kein Verhalten, aus dem sich seine T\u00f6tung begr\u00fcnden l\u00e4sst&#8220;"},"content":{"rendered":"<p><strong>Zuf\u00e4llig lebt NABU-Wolfsexperte Markus Bathen mit seiner Familie genau im Streifgebiet des Wolfes &#8222;Pumpak&#8220; (polnisch: &#8222;der Fette&#8220;), der von der s\u00e4chsischen Landesregierung zum Abschuss freigegeben wurde. Bathen sieht weder die Gesundheit seiner Familie noch die seiner Haustiere gef\u00e4hrdet.<\/strong> <!--more-->\u201eAuf unserem Hof geht alles seinen gewohnten Gang\u201c, kommentiert er die aktuellen Geschehnisse in einem Beitrag, der heute (27.1.) auf der NABU-Seite erschien.<\/p>\n<hr \/>\n<p><span style=\"color: #0000ff;\"><a style=\"color: #0000ff;\" href=\"https:\/\/www.nabu.de\/news\/2017\/01\/21893.html\" target=\"_blank\">Hier geht es zum Beitrag &#8222;Der Kuchen und der Wolf&#8220; (mit Filmaufnahme) auf der NABU-Seite!<\/a><\/span><\/p>\n<hr \/>\n<p><em><span style=\"text-decoration: underline;\">Quelle:<\/span> NABU, www.nabu.de Beitrag: &#8222;Der Kuchen und der Wolf&#8220; vom 27.1.2017, abgerufen am 27. Januar 2017<\/em><\/p>\n<p class=\"ox-8fa0bdae36-MsoNormal\"><em><span style=\"text-decoration: underline;\">Beitragsfoto:<\/span> Heiko Anders,<span style=\"color: #0000ff;\"><a style=\"color: #0000ff;\" href=\"http:\/\/www.andersfotografiert.com\" target=\"_blank\"> www.andersfotografiert.com<\/a><\/span><\/em><\/p>\n<p class=\"ox-8fa0bdae36-MsoNormal\"><em>(<span style=\"text-decoration: underline;\">Anmerkung:<\/span> F\u00fcr die Richtigkeit der Angaben und Inhalte wird keinerlei Gew\u00e4hr \u00fcbernommen)<\/em><\/p>\n<div class=\"shariff shariff-align-center shariff-widget-align-center\" data-services=\"facebook%7Ctwitter\" data-url=\"https%3A%2F%2Fwolfsmonitor.de%2F%3Fp%3D7511\" data-timestamp=\"1525530176\" data-backendurl=\"?rest_route=\/shariff\/v1\/share_counts&\"><ul class=\"shariff-buttons theme-color orientation-horizontal buttonsize-small\"><li class=\"shariff-button facebook shariff-nocustomcolor\" style=\"background-color:#4273c8\"><a href=\"https:\/\/www.facebook.com\/sharer\/sharer.php?u=https%3A%2F%2Fwolfsmonitor.de%2F%3Fp%3D7511\" title=\"Bei Facebook teilen\" aria-label=\"Bei Facebook teilen\" role=\"button\" rel=\"nofollow\" class=\"shariff-link\" style=\"; background-color:#3b5998; color:#fff\" target=\"_blank\"><span class=\"shariff-icon\" style=\"\"><svg width=\"32px\" height=\"20px\" xmlns=\"http:\/\/www.w3.org\/2000\/svg\" viewBox=\"0 0 18 32\"><path fill=\"#3b5998\" d=\"M17.1 0.2v4.7h-2.8q-1.5 0-2.1 0.6t-0.5 1.9v3.4h5.2l-0.7 5.3h-4.5v13.6h-5.5v-13.6h-4.5v-5.3h4.5v-3.9q0-3.3 1.9-5.2t5-1.8q2.6 0 4.1 0.2z\"\/><\/svg><\/span><span class=\"shariff-text\">teilen<\/span>&nbsp;<span data-service=\"facebook\" style=\"color:#3b5998\" class=\"shariff-count shariff-hidezero\"><\/span>&nbsp;<\/a><\/li><li class=\"shariff-button twitter shariff-nocustomcolor\" style=\"background-color:#32bbf5\"><a href=\"https:\/\/twitter.com\/share?url=https%3A%2F%2Fwolfsmonitor.de%2F%3Fp%3D7511&text=NABU%3A%20%E2%80%9EWolf%20%E2%80%9EPumpak%E2%80%9C%20zeigt%20kein%20Verhalten%2C%20aus%20dem%20sich%20seine%20T%C3%B6tung%20begr%C3%BCnden%20l%C3%A4sst%E2%80%9C\" title=\"Bei Twitter teilen\" aria-label=\"Bei Twitter teilen\" role=\"button\" rel=\"noopener nofollow\" class=\"shariff-link\" style=\"; background-color:#55acee; color:#fff\" target=\"_blank\"><span class=\"shariff-icon\" style=\"\"><svg width=\"32px\" height=\"20px\" xmlns=\"http:\/\/www.w3.org\/2000\/svg\" viewBox=\"0 0 30 32\"><path fill=\"#55acee\" d=\"M29.7 6.8q-1.2 1.8-3 3.1 0 0.3 0 0.8 0 2.5-0.7 4.9t-2.2 4.7-3.5 4-4.9 2.8-6.1 1q-5.1 0-9.3-2.7 0.6 0.1 1.5 0.1 4.3 0 7.6-2.6-2-0.1-3.5-1.2t-2.2-3q0.6 0.1 1.1 0.1 0.8 0 1.6-0.2-2.1-0.4-3.5-2.1t-1.4-3.9v-0.1q1.3 0.7 2.8 0.8-1.2-0.8-2-2.2t-0.7-2.9q0-1.7 0.8-3.1 2.3 2.8 5.5 4.5t7 1.9q-0.2-0.7-0.2-1.4 0-2.5 1.8-4.3t4.3-1.8q2.7 0 4.5 1.9 2.1-0.4 3.9-1.5-0.7 2.2-2.7 3.4 1.8-0.2 3.5-0.9z\"\/><\/svg><\/span><span class=\"shariff-text\">twittern<\/span>&nbsp;<span data-service=\"twitter\" style=\"color:#55acee\" class=\"shariff-count shariff-hidezero\"><\/span>&nbsp;<\/a><\/li><li class=\"shariff-button rss shariff-nocustomcolor\" style=\"background-color:#ff8c00\"><a href=\"https:\/\/wolfsmonitor.de\/?feed=rss\" title=\"RSS-feed\" aria-label=\"RSS-feed\" role=\"button\" class=\"shariff-link\" style=\"; background-color:#fe9312; color:#fff\" target=\"_blank\"><span class=\"shariff-icon\" style=\"\"><svg width=\"32px\" height=\"20px\" xmlns=\"http:\/\/www.w3.org\/2000\/svg\" viewBox=\"0 0 32 32\"><path fill=\"#fe9312\" d=\"M4.3 23.5c-2.3 0-4.3 1.9-4.3 4.3 0 2.3 1.9 4.2 4.3 4.2 2.4 0 4.3-1.9 4.3-4.2 0-2.3-1.9-4.3-4.3-4.3zM0 10.9v6.1c4 0 7.7 1.6 10.6 4.4 2.8 2.8 4.4 6.6 4.4 10.6h6.2c0-11.7-9.5-21.1-21.1-21.1zM0 0v6.1c14.2 0 25.8 11.6 25.8 25.9h6.2c0-17.6-14.4-32-32-32z\"\/><\/svg><\/span><span class=\"shariff-text\">RSS-feed<\/span>&nbsp;<\/a><\/li><li class=\"shariff-button mailto shariff-nocustomcolor\" style=\"background-color:#a8a8a8\"><a href=\"mailto:?body=https%3A%2F%2Fwolfsmonitor.de%2F%3Fp%3D7511&subject=NABU%3A%20%E2%80%9EWolf%20%E2%80%9EPumpak%E2%80%9C%20zeigt%20kein%20Verhalten%2C%20aus%20dem%20sich%20seine%20T%C3%B6tung%20begr%C3%BCnden%20l%C3%A4sst%E2%80%9C\" title=\"Per E-Mail versenden\" aria-label=\"Per E-Mail versenden\" role=\"button\" rel=\"noopener nofollow\" class=\"shariff-link\" style=\"; background-color:#999; color:#fff\"><span class=\"shariff-icon\" style=\"\"><svg width=\"32px\" height=\"20px\" xmlns=\"http:\/\/www.w3.org\/2000\/svg\" viewBox=\"0 0 32 32\"><path fill=\"#999\" d=\"M32 12.7v14.2q0 1.2-0.8 2t-2 0.9h-26.3q-1.2 0-2-0.9t-0.8-2v-14.2q0.8 0.9 1.8 1.6 6.5 4.4 8.9 6.1 1 0.8 1.6 1.2t1.7 0.9 2 0.4h0.1q0.9 0 2-0.4t1.7-0.9 1.6-1.2q3-2.2 8.9-6.1 1-0.7 1.8-1.6zM32 7.4q0 1.4-0.9 2.7t-2.2 2.2q-6.7 4.7-8.4 5.8-0.2 0.1-0.7 0.5t-1 0.7-0.9 0.6-1.1 0.5-0.9 0.2h-0.1q-0.4 0-0.9-0.2t-1.1-0.5-0.9-0.6-1-0.7-0.7-0.5q-1.6-1.1-4.7-3.2t-3.6-2.6q-1.1-0.7-2.1-2t-1-2.5q0-1.4 0.7-2.3t2.1-0.9h26.3q1.2 0 2 0.8t0.9 2z\"\/><\/svg><\/span><span class=\"shariff-text\">E-Mail<\/span>&nbsp;<\/a><\/li><li class=\"shariff-button info shariff-nocustomcolor\" style=\"background-color:#a8a8a8\"><a href=\"http:\/\/ct.de\/-2467514\" title=\"Weitere Informationen\" aria-label=\"Weitere Informationen\" role=\"button\" rel=\"noopener \" class=\"shariff-link\" style=\"; background-color:#999; color:#fff\" target=\"_blank\"><span class=\"shariff-icon\" style=\"\"><svg width=\"32px\" height=\"20px\" xmlns=\"http:\/\/www.w3.org\/2000\/svg\" viewBox=\"0 0 11 32\"><path fill=\"#999\" d=\"M11.4 24v2.3q0 0.5-0.3 0.8t-0.8 0.4h-9.1q-0.5 0-0.8-0.4t-0.4-0.8v-2.3q0-0.5 0.4-0.8t0.8-0.4h1.1v-6.8h-1.1q-0.5 0-0.8-0.4t-0.4-0.8v-2.3q0-0.5 0.4-0.8t0.8-0.4h6.8q0.5 0 0.8 0.4t0.4 0.8v10.3h1.1q0.5 0 0.8 0.4t0.3 0.8zM9.2 3.4v3.4q0 0.5-0.4 0.8t-0.8 0.4h-4.6q-0.4 0-0.8-0.4t-0.4-0.8v-3.4q0-0.4 0.4-0.8t0.8-0.4h4.6q0.5 0 0.8 0.4t0.4 0.8z\"\/><\/svg><\/span><\/a><\/li><\/ul><\/div>","protected":false},"excerpt":{"rendered":"<p>Zuf\u00e4llig lebt NABU-Wolfsexperte Markus Bathen mit seiner Familie genau im Streifgebiet des Wolfes &#8222;Pumpak&#8220; (polnisch: &#8222;der Fette&#8220;), der von der s\u00e4chsischen Landesregierung zum Abschuss freigegeben wurde. Bathen sieht weder die Gesundheit seiner Familie noch die seiner Haustiere gef\u00e4hrdet.<\/p>\n<div class=\"shariff shariff-align-center shariff-widget-align-center\" data-services=\"facebook%7Ctwitter\" data-url=\"https%3A%2F%2Fwolfsmonitor.de%2F%3Fp%3D7511\" data-timestamp=\"1525530176\" data-backendurl=\"?rest_route=\/shariff\/v1\/share_counts&\"><ul class=\"shariff-buttons theme-color orientation-horizontal buttonsize-small\"><li class=\"shariff-button facebook shariff-nocustomcolor\" style=\"background-color:#4273c8\"><a href=\"https:\/\/www.facebook.com\/sharer\/sharer.php?u=https%3A%2F%2Fwolfsmonitor.de%2F%3Fp%3D7511\" title=\"Bei Facebook teilen\" aria-label=\"Bei Facebook teilen\" role=\"button\" rel=\"nofollow\" class=\"shariff-link\" style=\"; background-color:#3b5998; color:#fff\" target=\"_blank\"><span class=\"shariff-icon\" style=\"\"><svg width=\"32px\" height=\"20px\" xmlns=\"http:\/\/www.w3.org\/2000\/svg\" viewBox=\"0 0 18 32\"><path fill=\"#3b5998\" d=\"M17.1 0.2v4.7h-2.8q-1.5 0-2.1 0.6t-0.5 1.9v3.4h5.2l-0.7 5.3h-4.5v13.6h-5.5v-13.6h-4.5v-5.3h4.5v-3.9q0-3.3 1.9-5.2t5-1.8q2.6 0 4.1 0.2z\"\/><\/svg><\/span><span class=\"shariff-text\">teilen<\/span>&nbsp;<span data-service=\"facebook\" style=\"color:#3b5998\" class=\"shariff-count shariff-hidezero\"><\/span>&nbsp;<\/a><\/li><li class=\"shariff-button twitter shariff-nocustomcolor\" style=\"background-color:#32bbf5\"><a href=\"https:\/\/twitter.com\/share?url=https%3A%2F%2Fwolfsmonitor.de%2F%3Fp%3D7511&text=NABU%3A%20%E2%80%9EWolf%20%E2%80%9EPumpak%E2%80%9C%20zeigt%20kein%20Verhalten%2C%20aus%20dem%20sich%20seine%20T%C3%B6tung%20begr%C3%BCnden%20l%C3%A4sst%E2%80%9C\" title=\"Bei Twitter teilen\" aria-label=\"Bei Twitter teilen\" role=\"button\" rel=\"noopener nofollow\" class=\"shariff-link\" style=\"; background-color:#55acee; color:#fff\" target=\"_blank\"><span class=\"shariff-icon\" style=\"\"><svg width=\"32px\" height=\"20px\" xmlns=\"http:\/\/www.w3.org\/2000\/svg\" viewBox=\"0 0 30 32\"><path fill=\"#55acee\" d=\"M29.7 6.8q-1.2 1.8-3 3.1 0 0.3 0 0.8 0 2.5-0.7 4.9t-2.2 4.7-3.5 4-4.9 2.8-6.1 1q-5.1 0-9.3-2.7 0.6 0.1 1.5 0.1 4.3 0 7.6-2.6-2-0.1-3.5-1.2t-2.2-3q0.6 0.1 1.1 0.1 0.8 0 1.6-0.2-2.1-0.4-3.5-2.1t-1.4-3.9v-0.1q1.3 0.7 2.8 0.8-1.2-0.8-2-2.2t-0.7-2.9q0-1.7 0.8-3.1 2.3 2.8 5.5 4.5t7 1.9q-0.2-0.7-0.2-1.4 0-2.5 1.8-4.3t4.3-1.8q2.7 0 4.5 1.9 2.1-0.4 3.9-1.5-0.7 2.2-2.7 3.4 1.8-0.2 3.5-0.9z\"\/><\/svg><\/span><span class=\"shariff-text\">twittern<\/span>&nbsp;<span data-service=\"twitter\" style=\"color:#55acee\" class=\"shariff-count shariff-hidezero\"><\/span>&nbsp;<\/a><\/li><li class=\"shariff-button rss shariff-nocustomcolor\" style=\"background-color:#ff8c00\"><a href=\"https:\/\/wolfsmonitor.de\/?feed=rss\" title=\"RSS-feed\" aria-label=\"RSS-feed\" role=\"button\" class=\"shariff-link\" style=\"; background-color:#fe9312; color:#fff\" target=\"_blank\"><span class=\"shariff-icon\" style=\"\"><svg width=\"32px\" height=\"20px\" xmlns=\"http:\/\/www.w3.org\/2000\/svg\" viewBox=\"0 0 32 32\"><path fill=\"#fe9312\" d=\"M4.3 23.5c-2.3 0-4.3 1.9-4.3 4.3 0 2.3 1.9 4.2 4.3 4.2 2.4 0 4.3-1.9 4.3-4.2 0-2.3-1.9-4.3-4.3-4.3zM0 10.9v6.1c4 0 7.7 1.6 10.6 4.4 2.8 2.8 4.4 6.6 4.4 10.6h6.2c0-11.7-9.5-21.1-21.1-21.1zM0 0v6.1c14.2 0 25.8 11.6 25.8 25.9h6.2c0-17.6-14.4-32-32-32z\"\/><\/svg><\/span><span class=\"shariff-text\">RSS-feed<\/span>&nbsp;<\/a><\/li><li class=\"shariff-button mailto shariff-nocustomcolor\" style=\"background-color:#a8a8a8\"><a href=\"mailto:?body=https%3A%2F%2Fwolfsmonitor.de%2F%3Fp%3D7511&subject=NABU%3A%20%E2%80%9EWolf%20%E2%80%9EPumpak%E2%80%9C%20zeigt%20kein%20Verhalten%2C%20aus%20dem%20sich%20seine%20T%C3%B6tung%20begr%C3%BCnden%20l%C3%A4sst%E2%80%9C\" title=\"Per E-Mail versenden\" aria-label=\"Per E-Mail versenden\" role=\"button\" rel=\"noopener nofollow\" class=\"shariff-link\" style=\"; background-color:#999; color:#fff\"><span class=\"shariff-icon\" style=\"\"><svg width=\"32px\" height=\"20px\" xmlns=\"http:\/\/www.w3.org\/2000\/svg\" viewBox=\"0 0 32 32\"><path fill=\"#999\" d=\"M32 12.7v14.2q0 1.2-0.8 2t-2 0.9h-26.3q-1.2 0-2-0.9t-0.8-2v-14.2q0.8 0.9 1.8 1.6 6.5 4.4 8.9 6.1 1 0.8 1.6 1.2t1.7 0.9 2 0.4h0.1q0.9 0 2-0.4t1.7-0.9 1.6-1.2q3-2.2 8.9-6.1 1-0.7 1.8-1.6zM32 7.4q0 1.4-0.9 2.7t-2.2 2.2q-6.7 4.7-8.4 5.8-0.2 0.1-0.7 0.5t-1 0.7-0.9 0.6-1.1 0.5-0.9 0.2h-0.1q-0.4 0-0.9-0.2t-1.1-0.5-0.9-0.6-1-0.7-0.7-0.5q-1.6-1.1-4.7-3.2t-3.6-2.6q-1.1-0.7-2.1-2t-1-2.5q0-1.4 0.7-2.3t2.1-0.9h26.3q1.2 0 2 0.8t0.9 2z\"\/><\/svg><\/span><span class=\"shariff-text\">E-Mail<\/span>&nbsp;<\/a><\/li><li class=\"shariff-button info shariff-nocustomcolor\" style=\"background-color:#a8a8a8\"><a href=\"http:\/\/ct.de\/-2467514\" title=\"Weitere Informationen\" aria-label=\"Weitere Informationen\" role=\"button\" rel=\"noopener \" class=\"shariff-link\" style=\"; background-color:#999; color:#fff\" target=\"_blank\"><span class=\"shariff-icon\" style=\"\"><svg width=\"32px\" height=\"20px\" xmlns=\"http:\/\/www.w3.org\/2000\/svg\" viewBox=\"0 0 11 32\"><path fill=\"#999\" d=\"M11.4 24v2.3q0 0.5-0.3 0.8t-0.8 0.4h-9.1q-0.5 0-0.8-0.4t-0.4-0.8v-2.3q0-0.5 0.4-0.8t0.8-0.4h1.1v-6.8h-1.1q-0.5 0-0.8-0.4t-0.4-0.8v-2.3q0-0.5 0.4-0.8t0.8-0.4h6.8q0.5 0 0.8 0.4t0.4 0.8v10.3h1.1q0.5 0 0.8 0.4t0.3 0.8zM9.2 3.4v3.4q0 0.5-0.4 0.8t-0.8 0.4h-4.6q-0.4 0-0.8-0.4t-0.4-0.8v-3.4q0-0.4 0.4-0.8t0.8-0.4h4.6q0.5 0 0.8 0.4t0.4 0.8z\"\/><\/svg><\/span><\/a><\/li><\/ul><\/div>","protected":false},"author":1,"featured_media":3512,"comment_status":"closed","ping_status":"open","sticky":false,"template":"","format":"standard","meta":{"spay_email":""},"categories":[126],"tags":[220,2148,4941],"jetpack_featured_media_url":"https:\/\/i2.wp.com\/wolfsmonitor.de\/wp-content\/uploads\/2016\/05\/HA-Beitragsfoto-Aufgelesen-1.jpg?fit=654%2C436&ssl=1","jetpack_shortlink":"https:\/\/wp.me\/p61YbU-1X9","jetpack-related-posts":[{"id":7694,"url":"https:\/\/wolfsmonitor.de\/?p=7694","url_meta":{"origin":7511,"position":0},"title":"Ist Pumpaks Abschuss wirklich notwendig?","date":"6. Februar 2017","format":false,"excerpt":"Teile des Landkreises G\u00f6rlitz geh\u00f6ren zum Streifgebiet des Wolfs Pumpak. Genauer gesagt, handelt es sich dabei um die Gegend rund um die Ortschaft Teicha in der N\u00e4he der s\u00e4chsischen Ortschaft Rietschen in der Oberlausitz. Eigentlich stammt Pumpak aus dem \u201eRuszow-Rudel\u201c in Polen. Dort wurde er offenbar bereits als Welpe von\u2026","rel":"","context":"In &quot;Mittendrin&quot;","img":{"alt_text":"","src":"https:\/\/i0.wp.com\/wolfsmonitor.de\/wp-content\/uploads\/2015\/11\/EM-8.jpg?fit=718%2C484&ssl=1&resize=350%2C200","width":350,"height":200},"classes":[]},{"id":6818,"url":"https:\/\/wolfsmonitor.de\/?p=6818","url_meta":{"origin":7511,"position":1},"title":"NABU-Wolfsexperte Markus Bathen zum Wolf in Rathenow: T\u00f6tung letztes Mittel!","date":"22. Dezember 2016","format":false,"excerpt":"Im Zusammenhang mit der Medienberichterstattung \u00fcber den Wolf, der in Rathenow f\u00fcr Unruhe sorgte, scheint bei einigen Social- Media- Nutzern der Eindruck entstanden zu sein, der Naturschutzbund (NABU) h\u00e4tte der T\u00f6tung des Wolfes \"uneingeschr\u00e4nkt\" zugestimmt. Jetzt nahm der Wolfsexperte des NABU, Markus Bathen, auf seiner Facebook-Seite dazu Stellung: \"Der Wolf\u2026","rel":"","context":"In &quot;Aktuell&quot;","img":{"alt_text":"Wolf (Foto: Naturfotograf Heiko Anders)","src":"https:\/\/i1.wp.com\/wolfsmonitor.de\/wp-content\/uploads\/2016\/05\/Beitragsfoto-Heiko-Anders-Aktuell.jpg?fit=654%2C492&ssl=1&resize=350%2C200","width":350,"height":200},"classes":[]},{"id":7815,"url":"https:\/\/wolfsmonitor.de\/?p=7815","url_meta":{"origin":7511,"position":2},"title":"Pumpak: NABU fordert \"Erziehung\" nach Auslaufen der Genehmigung zum Abschuss!","date":"17. Februar 2017","format":false,"excerpt":"In zwei Tagen l\u00e4uft die Abschussgenehmigung des Landkreises G\u00f6rlitz f\u00fcr den vermeintlich \"auff\u00e4lligen\" jungen Wolfsr\u00fcden mit dem Spitznamen Pumpak aus. Damit g\u00e4be es nun endlich die Gelegenheit, den Wolf zu besendern und zu vergr\u00e4men, ihn also quasi zu erziehen, meint der Naturschutzbund Deutschland (NABU). Die Meldung des NABU im Wortlaut:\u2026","rel":"","context":"In &quot;Presseinformationen&quot;","img":{"alt_text":"Foto: Naturfotograf Heiko Anders","src":"https:\/\/i0.wp.com\/wolfsmonitor.de\/wp-content\/uploads\/2016\/05\/HA-Beitragsfoto-Presseinfo-1.jpg?fit=623%2C415&ssl=1&resize=350%2C200","width":350,"height":200},"classes":[]},{"id":3216,"url":"https:\/\/wolfsmonitor.de\/?p=3216","url_meta":{"origin":7511,"position":3},"title":"NABU findet Wolfsentnahme erforderlich, aber....","date":"27. April 2016","format":false,"excerpt":"Der Naturschutzbund Deutschland (NABU) kommentiert die Pl\u00e4ne zur Wolfsentnahme in einer Pressemeldung wie folgt (im Wortlaut): \"NABU-Stellungnahme zur Entnahme\u00a0des Wolfes MT6 aus dem Munsteraner Rudel Das nieders\u00e4chsische Umweltministerium hat entschieden, einen auff\u00e4llig gewordenen Wolf aus dem Munsteraner Rudel einzufangen und in ein Gehege zu bringen. Der Wolf tr\u00e4gt einen Sender\u2026","rel":"","context":"In &quot;Aufgelesen&quot;","img":{"alt_text":"Wolf im Tierpark Nordhorn","src":"https:\/\/i1.wp.com\/wolfsmonitor.de\/wp-content\/uploads\/2015\/09\/Beitragsfoto-Aufgelesen-2.te-Fassung.jpg?fit=581%2C520&ssl=1&resize=350%2C200","width":350,"height":200},"classes":[]},{"id":2542,"url":"https:\/\/wolfsmonitor.de\/?p=2542","url_meta":{"origin":7511,"position":4},"title":"NABU: Kontrollierte Ma\u00dfnahmen und Vergr\u00e4mung in Einzelf\u00e4llen!","date":"19. Februar 2016","format":false,"excerpt":"Der Naturschutzbund Deutschland (NABU) nimmt zu den j\u00fcngsten Ereignissen in Ostniedersachsen wie folgt Stellung (im Wortlaut, ohne Linkverweise): NABU empfiehlt kontrollierte Managementma\u00dfnahmen nach wiederholten Nahbegegnungen mit einzelnem Wolf Miller: Kriterien f\u00fcr Vergr\u00e4mung k\u00f6nnen bei Einzelf\u00e4llen erf\u00fcllt sein Berlin \u2013 Mit Blick auf die wiederholten Nahbegegnungen von Mensch und Wolf im\u2026","rel":"","context":"In &quot;Hintergr\u00fcnde&quot;","img":{"alt_text":"Wolf im Tierpark Nordhorn","src":"https:\/\/i2.wp.com\/wolfsmonitor.de\/wp-content\/uploads\/2015\/09\/WM-Hintergr\u00fcnde.jpg?fit=355%2C312&ssl=1&resize=350%2C200","width":350,"height":200},"classes":[]},{"id":8620,"url":"https:\/\/wolfsmonitor.de\/?p=8620","url_meta":{"origin":7511,"position":5},"title":"Am 30. April ist der \"Tag des Wolfes\" - Diesj\u00e4hriges Motto: Erfolgsmodell Herdenschutzhund","date":"26. April 2017","format":false,"excerpt":"Der 30. April jeden Jahres ist der \"Tag des Wolfes\". Hierzu meldet der Naturschutzbund Deutschland (NABU) in diesem Jahr (im Wortlaut): \"NABU: Herdenschutz sch\u00fctzt auch W\u00f6lfe\" Miller: Anstrengungen f\u00fcr einen fl\u00e4chendeckenden Herdenschutz in Wolfsgebieten m\u00fcssen intensiviert werden Zum diesj\u00e4hrigen \u201eTag des Wolfes\u201c (30.4.) appelliert der NABU an Bund und L\u00e4nder\u2026","rel":"","context":"In &quot;Presseinformationen&quot;","img":{"alt_text":"Foto: Naturfotograf Heiko Anders","src":"https:\/\/i2.wp.com\/wolfsmonitor.de\/wp-content\/uploads\/2016\/05\/HA-Beitragsfoto-Presseinfo-2.jpg?fit=627%2C410&ssl=1&resize=350%2C200","width":350,"height":200},"classes":[]}],"_links":{"self":[{"href":"https:\/\/wolfsmonitor.de\/index.php?rest_route=\/wp\/v2\/posts\/7511"}],"collection":[{"href":"https:\/\/wolfsmonitor.de\/index.php?rest_route=\/wp\/v2\/posts"}],"about":[{"href":"https:\/\/wolfsmonitor.de\/index.php?rest_route=\/wp\/v2\/types\/post"}],"author":[{"embeddable":true,"href":"https:\/\/wolfsmonitor.de\/index.php?rest_route=\/wp\/v2\/users\/1"}],"replies":[{"embeddable":true,"href":"https:\/\/wolfsmonitor.de\/index.php?rest_route=%2Fwp%2Fv2%2Fcomments&post=7511"}],"version-history":[{"count":2,"href":"https:\/\/wolfsmonitor.de\/index.php?rest_route=\/wp\/v2\/posts\/7511\/revisions"}],"predecessor-version":[{"id":7513,"href":"https:\/\/wolfsmonitor.de\/index.php?rest_route=\/wp\/v2\/posts\/7511\/revisions\/7513"}],"wp:featuredmedia":[{"embeddable":true,"href":"https:\/\/wolfsmonitor.de\/index.php?rest_route=\/wp\/v2\/media\/3512"}],"wp:attachment":[{"href":"https:\/\/wolfsmonitor.de\/index.php?rest_route=%2Fwp%2Fv2%2Fmedia&parent=7511"}],"wp:term":[{"taxonomy":"category","embeddable":true,"href":"https:\/\/wolfsmonitor.de\/index.php?rest_route=%2Fwp%2Fv2%2Fcategories&post=7511"},{"taxonomy":"post_tag","embeddable":true,"href":"https:\/\/wolfsmonitor.de\/index.php?rest_route=%2Fwp%2Fv2%2Ftags&post=7511"}],"curies":[{"name":"wp","href":"https:\/\/api.w.org\/{rel}","templated":true}]}}