{"id":7861,"date":"2017-02-24T10:07:54","date_gmt":"2017-02-24T08:07:54","guid":{"rendered":"http:\/\/wolfsmonitor.de\/?p=7861"},"modified":"2018-05-05T14:26:33","modified_gmt":"2018-05-05T12:26:33","slug":"wieviel-wolf-vertraegt-das-sauerland","status":"publish","type":"post","link":"https:\/\/wolfsmonitor.de\/?p=7861","title":{"rendered":"Wieviel Wolf vertr\u00e4gt das Sauerland?"},"content":{"rendered":"<p><strong>Diese Frage stellten sich offenbar die Mitglieder des Hegerings Winterberg-Hallenberg k\u00fcrzlich und luden daraufhin ausgerechnet Prof. Dr. Michael Stubbe aus Halle zur Beantwortung dieser Frage ein, um &#8211; so schreibt es die Westfalenpost &#8211; dar\u00fcber hinaus mit ihm und J\u00e4gern, Landwirten, Natursch\u00fctzern und Touristikern \u00fcber die zu erwartende \u201eAnsiedelung\u201c des Wolfes zu diskutieren.<\/strong><!--more--><\/p>\n<p>Wer sich Michael Stubbe ins Haus holt, wei\u00df gew\u00f6hnlich, dass der \u201eJagdwissenschaftler\u201c dem geneigten Publikum mitunter auch seine eher weniger wissenschaftlich fundierte Meinung pr\u00e4sentiert. Auch seine Ansichten zur &#8222;jagdlichen Bewirtschaftung&#8220; von W\u00f6lfen geh\u00f6ren zweifelsfrei dazu.<\/p>\n<p>Unvergessen ist f\u00fcr mich sein Auftritt vor den Stendaler J\u00e4gern, bei dem er feststellte, dass der Wolf ist ein gef\u00e4hrlicher Konkurrent des Menschen sei. Wo der R\u00e4uber an Boden gewinne, verliere der Waidmann&#8220;, so Stubbe (siehe <span style=\"color: #0000ff;\"><a style=\"color: #0000ff;\" href=\"https:\/\/wolfsmonitor.de\/?p=2997\" target=\"_blank\">hier!<\/a><\/span>). Mit ihm schaut man offensichtlich vertrauensvoll in die Vergangenheit&#8230;<\/p>\n<p>Fr\u00fcher regelte man so manche wildtierpolitische Herausforderung wie selbstverst\u00e4ndlich mit dem Filzhut auf dem Kopf und der Flinte in der Hand. Angesichts dieser offenbar bew\u00e4hrten Methode geh\u00f6rt der Wolf laut Stubbe auch heute wieder in das Jagdrecht.<\/p>\n<p>Ob der emeritierte Professor, der argumentativ gerne mal in die \u201eKlamottenkiste\u201c greift und &#8211; um gegen die W\u00f6lfe zu wettern &#8211; dabei so seri\u00f6se Quellen wie die vom stark umstrittenen Kaj Granlund verwendet, seinen Zuh\u00f6rern an diesem Abend \u00fcberhaupt ein Alternativszenario zur von ihm pr\u00e4ferierten Bejagung der W\u00f6lfe angeboten hat? Wie es sich eigentlich f\u00fcr einen seri\u00f6sen Wissenschaftler geh\u00f6rt?<\/p>\n<p>Meines Wissens vers\u00e4umte er dies zuletzt \u00f6fter mal,\u2026 und lie\u00df dementsprechend sein Publikum \u201ealternativlos\u201c zur\u00fcck.<\/p>\n<p>Die Frage k\u00f6nnen am Ende wohl nur diejenigen beantworten, die letzten Freitag tats\u00e4chlich in Hallenberg dabei waren. Wurde dort tats\u00e4chlich umfassend und objektiv \u00fcber den Wolf informiert? Oder wurden die Besucher dort am Ende vielleicht sogar einseitig \u201eindoktriniert\u201c?<\/p>\n<p>Folgender \u201eSchnelltest\u201c k\u00f6nnte im Nachhinein Aufschluss dar\u00fcber geben:<\/p>\n<p>Immer mehr seri\u00f6se und namhafte Waidm\u00e4nner, darunter beispielsweise der WILD und HUND-Chefredakteur Heiko Hornung, aber auch Spitzenfunktion\u00e4re der Landesjagdverb\u00e4nde (z.B. Niedersachsen), warnten zuletzt davor oder distanzierten sich davon, den Wolf ins Jagdrecht \u00fcbernehmen zu wollen.<\/p>\n<p>Aus sehr guten Gr\u00fcnden, wie ich \u00fcbrigens meine. Wurden die Zuh\u00f6rer letzten Freitag in Hallenberg davon in Kenntnis gesetzt?<\/p>\n<p>Wenn nicht, gibt es offensichtlich noch weiteren Aufkl\u00e4rungsbedarf im Sauerland, einem Landstrich, der sich vorerst noch Wolfserwartungsland nennen darf&#8230;<\/p>\n<p><span style=\"text-decoration: underline;\">P.S.:<\/span> Gerade kriege ich von einem Wolfsmonitor-Leser folgende Pressemitteilung &#8222;zugespielt&#8220;. Demnach war letzten Freitag alles offenbar noch viel einseitiger als erwartet. 99 Prozent der Aussagen an diesem Abend waren gegen den Wolf gerichtet und vom Verschwinden vieler Tierarten bis zu Zuwachsen der Talwiesen und der fehlenden Best\u00e4ubung durch Bienen wegen Wegfall der Wandersch\u00e4ferei wurde merkw\u00fcrdig skurril argumentiert. Auch von seinen ausgiebigen Forschungsreisen in die Mongolei wusste Stubbe zu berichten. Und er wagte &#8211; so ist zu lesen &#8211; einen wie ich finde recht heiklen Vergleich. Und erntete offenbar sogar Applaus daf\u00fcr. Aber lesen Sie selbst: <span style=\"color: #0000ff;\"><a style=\"color: #0000ff;\" href=\"http:\/\/www.waz.de\/staedte\/wittgenstein\/die-maerchen-vom-wolf-id209718935.html\" target=\"_blank\">Hier ist der Link, der zur entsprechenden Ver\u00f6ffentlichung in der WAZ f\u00fchrt!<\/a><\/span><\/p>\n<hr \/>\n<p>Herzlichst<\/p>\n<p>Ihr<\/p>\n<p>J\u00fcrgen Vogler<\/p>\n<hr \/>\n<p class=\"author__name\"><em><span style=\"text-decoration: underline;\">Quellen:<\/span> <\/em><\/p>\n<p class=\"author__name\"><em>(*1) Westfalenpost, www.wp.de, Artikel: &#8222;Sch\u00fctzen oder schie\u00dfen?&#8220; von Rita Maurer am <time class=\"author__time\">20.02.201, abgerufen am 21.2.2017, <a href=\"https:\/\/www.wp.de\/staedte\/altkreis-brilon\/schuetzen-oder-schiessen-id209662325.html?showlogin=true&amp;_ptid=%7Bjcx%7DH4sIAAAAAAAAAIWQy07DMBBF_8XrWvIrdtxdgVCCeJSSpiqIhWM7rVGahtjpQ4h_JxQEQixYzWhmzhnpvgLlDBiCl3bSiWkIWQIGoFFLmzu7Sz82BGEBEYEEQ4wgjWBEIOtL64tkt5wcUnaqW83nEHOEdUxkhGIam5KSQpWS0IKJvjFI92K7b2zrbK1tsre6C25Tf_5QEStlLCBBQkNW4AhKbAqIilIYZWNjJfuFj_Q361ebXWbXTaWCTfBJknOSjsTZJeU94ZvKhcz64FPjwfDxZ5Cr1qk6iLF8WExvcjanYpYR8DQA4Ut2tN9md9fZiM84viK9T6t1o9yy7l11V1UDsHXehePlFv5NikLCETxvt_er7nl1YeVizLv9_0m9vQPvLmt1lwEAAA\" target=\"_blank\"><span style=\"color: #0000ff;\">hier der Link<\/span><\/a><\/time><time class=\"author__time\"><a href=\"https:\/\/www.wp.de\/staedte\/altkreis-brilon\/schuetzen-oder-schiessen-id209662325.html?showlogin=true&amp;_ptid=%7Bjcx%7DH4sIAAAAAAAAAIWQy07DMBBF_8XrWvIrdtxdgVCCeJSSpiqIhWM7rVGahtjpQ4h_JxQEQixYzWhmzhnpvgLlDBiCl3bSiWkIWQIGoFFLmzu7Sz82BGEBEYEEQ4wgjWBEIOtL64tkt5wcUnaqW83nEHOEdUxkhGIam5KSQpWS0IKJvjFI92K7b2zrbK1tsre6C25Tf_5QEStlLCBBQkNW4AhKbAqIilIYZWNjJfuFj_Q361ebXWbXTaWCTfBJknOSjsTZJeU94ZvKhcz64FPjwfDxZ5Cr1qk6iLF8WExvcjanYpYR8DQA4Ut2tN9md9fZiM84viK9T6t1o9yy7l11V1UDsHXehePlFv5NikLCETxvt_er7nl1YeVizLv9_0m9vQPvLmt1lwEAAA\" target=\"_blank\"><span style=\"color: #0000ff;\">!\u00a0<\/span><\/a><\/time><time class=\"author__time\"> <\/time><\/em><\/p>\n<p class=\"author__name\"><em>(*2) WAZ, www.waz.de, &#8222;Die M\u00e4rchen vom Wolf&#8220; vom <\/em><time class=\"author__time\"><em>24.02.2017, abgerufen am 24.2.2017, <span style=\"color: #0000ff;\"><a style=\"color: #0000ff;\" href=\"http:\/\/www.waz.de\/staedte\/wittgenstein\/die-maerchen-vom-wolf-id209718935.html\" target=\"_blank\">hier der Link!<\/a><\/span><\/em><br \/>\n<\/time><\/p>\n<div class=\"author-social\"><\/div>\n<p>&nbsp;<\/p>\n<div class=\"shariff shariff-align-center shariff-widget-align-center\" data-services=\"facebook%7Ctwitter\" data-url=\"https%3A%2F%2Fwolfsmonitor.de%2F%3Fp%3D7861\" data-timestamp=\"1525530393\" data-backendurl=\"?rest_route=\/shariff\/v1\/share_counts&\"><ul class=\"shariff-buttons theme-color orientation-horizontal buttonsize-small\"><li class=\"shariff-button facebook shariff-nocustomcolor\" style=\"background-color:#4273c8\"><a href=\"https:\/\/www.facebook.com\/sharer\/sharer.php?u=https%3A%2F%2Fwolfsmonitor.de%2F%3Fp%3D7861\" title=\"Bei Facebook teilen\" aria-label=\"Bei Facebook teilen\" role=\"button\" rel=\"nofollow\" class=\"shariff-link\" style=\"; background-color:#3b5998; color:#fff\" target=\"_blank\"><span class=\"shariff-icon\" style=\"\"><svg width=\"32px\" height=\"20px\" xmlns=\"http:\/\/www.w3.org\/2000\/svg\" viewBox=\"0 0 18 32\"><path fill=\"#3b5998\" d=\"M17.1 0.2v4.7h-2.8q-1.5 0-2.1 0.6t-0.5 1.9v3.4h5.2l-0.7 5.3h-4.5v13.6h-5.5v-13.6h-4.5v-5.3h4.5v-3.9q0-3.3 1.9-5.2t5-1.8q2.6 0 4.1 0.2z\"\/><\/svg><\/span><span class=\"shariff-text\">teilen<\/span>&nbsp;<span data-service=\"facebook\" style=\"color:#3b5998\" class=\"shariff-count shariff-hidezero\"><\/span>&nbsp;<\/a><\/li><li class=\"shariff-button twitter shariff-nocustomcolor\" style=\"background-color:#32bbf5\"><a href=\"https:\/\/twitter.com\/share?url=https%3A%2F%2Fwolfsmonitor.de%2F%3Fp%3D7861&text=Wieviel%20Wolf%20vertr%C3%A4gt%20das%20Sauerland%3F\" title=\"Bei Twitter teilen\" aria-label=\"Bei Twitter teilen\" role=\"button\" rel=\"noopener nofollow\" class=\"shariff-link\" style=\"; background-color:#55acee; color:#fff\" target=\"_blank\"><span class=\"shariff-icon\" style=\"\"><svg width=\"32px\" height=\"20px\" xmlns=\"http:\/\/www.w3.org\/2000\/svg\" viewBox=\"0 0 30 32\"><path fill=\"#55acee\" d=\"M29.7 6.8q-1.2 1.8-3 3.1 0 0.3 0 0.8 0 2.5-0.7 4.9t-2.2 4.7-3.5 4-4.9 2.8-6.1 1q-5.1 0-9.3-2.7 0.6 0.1 1.5 0.1 4.3 0 7.6-2.6-2-0.1-3.5-1.2t-2.2-3q0.6 0.1 1.1 0.1 0.8 0 1.6-0.2-2.1-0.4-3.5-2.1t-1.4-3.9v-0.1q1.3 0.7 2.8 0.8-1.2-0.8-2-2.2t-0.7-2.9q0-1.7 0.8-3.1 2.3 2.8 5.5 4.5t7 1.9q-0.2-0.7-0.2-1.4 0-2.5 1.8-4.3t4.3-1.8q2.7 0 4.5 1.9 2.1-0.4 3.9-1.5-0.7 2.2-2.7 3.4 1.8-0.2 3.5-0.9z\"\/><\/svg><\/span><span class=\"shariff-text\">twittern<\/span>&nbsp;<span data-service=\"twitter\" style=\"color:#55acee\" class=\"shariff-count shariff-hidezero\"><\/span>&nbsp;<\/a><\/li><li class=\"shariff-button rss shariff-nocustomcolor\" style=\"background-color:#ff8c00\"><a href=\"https:\/\/wolfsmonitor.de\/?feed=rss\" title=\"RSS-feed\" aria-label=\"RSS-feed\" role=\"button\" class=\"shariff-link\" style=\"; background-color:#fe9312; color:#fff\" target=\"_blank\"><span class=\"shariff-icon\" style=\"\"><svg width=\"32px\" height=\"20px\" xmlns=\"http:\/\/www.w3.org\/2000\/svg\" viewBox=\"0 0 32 32\"><path fill=\"#fe9312\" d=\"M4.3 23.5c-2.3 0-4.3 1.9-4.3 4.3 0 2.3 1.9 4.2 4.3 4.2 2.4 0 4.3-1.9 4.3-4.2 0-2.3-1.9-4.3-4.3-4.3zM0 10.9v6.1c4 0 7.7 1.6 10.6 4.4 2.8 2.8 4.4 6.6 4.4 10.6h6.2c0-11.7-9.5-21.1-21.1-21.1zM0 0v6.1c14.2 0 25.8 11.6 25.8 25.9h6.2c0-17.6-14.4-32-32-32z\"\/><\/svg><\/span><span class=\"shariff-text\">RSS-feed<\/span>&nbsp;<\/a><\/li><li class=\"shariff-button mailto shariff-nocustomcolor\" style=\"background-color:#a8a8a8\"><a href=\"mailto:?body=https%3A%2F%2Fwolfsmonitor.de%2F%3Fp%3D7861&subject=Wieviel%20Wolf%20vertr%C3%A4gt%20das%20Sauerland%3F\" title=\"Per E-Mail versenden\" aria-label=\"Per E-Mail versenden\" role=\"button\" rel=\"noopener nofollow\" class=\"shariff-link\" style=\"; background-color:#999; color:#fff\"><span class=\"shariff-icon\" style=\"\"><svg width=\"32px\" height=\"20px\" xmlns=\"http:\/\/www.w3.org\/2000\/svg\" viewBox=\"0 0 32 32\"><path fill=\"#999\" d=\"M32 12.7v14.2q0 1.2-0.8 2t-2 0.9h-26.3q-1.2 0-2-0.9t-0.8-2v-14.2q0.8 0.9 1.8 1.6 6.5 4.4 8.9 6.1 1 0.8 1.6 1.2t1.7 0.9 2 0.4h0.1q0.9 0 2-0.4t1.7-0.9 1.6-1.2q3-2.2 8.9-6.1 1-0.7 1.8-1.6zM32 7.4q0 1.4-0.9 2.7t-2.2 2.2q-6.7 4.7-8.4 5.8-0.2 0.1-0.7 0.5t-1 0.7-0.9 0.6-1.1 0.5-0.9 0.2h-0.1q-0.4 0-0.9-0.2t-1.1-0.5-0.9-0.6-1-0.7-0.7-0.5q-1.6-1.1-4.7-3.2t-3.6-2.6q-1.1-0.7-2.1-2t-1-2.5q0-1.4 0.7-2.3t2.1-0.9h26.3q1.2 0 2 0.8t0.9 2z\"\/><\/svg><\/span><span class=\"shariff-text\">E-Mail<\/span>&nbsp;<\/a><\/li><li class=\"shariff-button info shariff-nocustomcolor\" style=\"background-color:#a8a8a8\"><a href=\"http:\/\/ct.de\/-2467514\" title=\"Weitere Informationen\" aria-label=\"Weitere Informationen\" role=\"button\" rel=\"noopener \" class=\"shariff-link\" style=\"; background-color:#999; color:#fff\" target=\"_blank\"><span class=\"shariff-icon\" style=\"\"><svg width=\"32px\" height=\"20px\" xmlns=\"http:\/\/www.w3.org\/2000\/svg\" viewBox=\"0 0 11 32\"><path fill=\"#999\" d=\"M11.4 24v2.3q0 0.5-0.3 0.8t-0.8 0.4h-9.1q-0.5 0-0.8-0.4t-0.4-0.8v-2.3q0-0.5 0.4-0.8t0.8-0.4h1.1v-6.8h-1.1q-0.5 0-0.8-0.4t-0.4-0.8v-2.3q0-0.5 0.4-0.8t0.8-0.4h6.8q0.5 0 0.8 0.4t0.4 0.8v10.3h1.1q0.5 0 0.8 0.4t0.3 0.8zM9.2 3.4v3.4q0 0.5-0.4 0.8t-0.8 0.4h-4.6q-0.4 0-0.8-0.4t-0.4-0.8v-3.4q0-0.4 0.4-0.8t0.8-0.4h4.6q0.5 0 0.8 0.4t0.4 0.8z\"\/><\/svg><\/span><\/a><\/li><\/ul><\/div>","protected":false},"excerpt":{"rendered":"<p>Diese Frage stellten sich offenbar die Mitglieder des Hegerings Winterberg-Hallenberg k\u00fcrzlich und luden daraufhin ausgerechnet Prof. Dr. Michael Stubbe aus Halle zur Beantwortung dieser Frage ein, um &#8211; so schreibt es die Westfalenpost &#8211; dar\u00fcber hinaus mit ihm und J\u00e4gern, Landwirten, Natursch\u00fctzern und Touristikern \u00fcber die zu erwartende \u201eAnsiedelung\u201c des Wolfes zu diskutieren.<\/p>\n<div class=\"shariff shariff-align-center shariff-widget-align-center\" data-services=\"facebook%7Ctwitter\" data-url=\"https%3A%2F%2Fwolfsmonitor.de%2F%3Fp%3D7861\" data-timestamp=\"1525530393\" data-backendurl=\"?rest_route=\/shariff\/v1\/share_counts&\"><ul class=\"shariff-buttons theme-color orientation-horizontal buttonsize-small\"><li class=\"shariff-button facebook shariff-nocustomcolor\" style=\"background-color:#4273c8\"><a href=\"https:\/\/www.facebook.com\/sharer\/sharer.php?u=https%3A%2F%2Fwolfsmonitor.de%2F%3Fp%3D7861\" title=\"Bei Facebook teilen\" aria-label=\"Bei Facebook teilen\" role=\"button\" rel=\"nofollow\" class=\"shariff-link\" style=\"; background-color:#3b5998; color:#fff\" target=\"_blank\"><span class=\"shariff-icon\" style=\"\"><svg width=\"32px\" height=\"20px\" xmlns=\"http:\/\/www.w3.org\/2000\/svg\" viewBox=\"0 0 18 32\"><path fill=\"#3b5998\" d=\"M17.1 0.2v4.7h-2.8q-1.5 0-2.1 0.6t-0.5 1.9v3.4h5.2l-0.7 5.3h-4.5v13.6h-5.5v-13.6h-4.5v-5.3h4.5v-3.9q0-3.3 1.9-5.2t5-1.8q2.6 0 4.1 0.2z\"\/><\/svg><\/span><span class=\"shariff-text\">teilen<\/span>&nbsp;<span data-service=\"facebook\" style=\"color:#3b5998\" class=\"shariff-count shariff-hidezero\"><\/span>&nbsp;<\/a><\/li><li class=\"shariff-button twitter shariff-nocustomcolor\" style=\"background-color:#32bbf5\"><a href=\"https:\/\/twitter.com\/share?url=https%3A%2F%2Fwolfsmonitor.de%2F%3Fp%3D7861&text=Wieviel%20Wolf%20vertr%C3%A4gt%20das%20Sauerland%3F\" title=\"Bei Twitter teilen\" aria-label=\"Bei Twitter teilen\" role=\"button\" rel=\"noopener nofollow\" class=\"shariff-link\" style=\"; background-color:#55acee; color:#fff\" target=\"_blank\"><span class=\"shariff-icon\" style=\"\"><svg width=\"32px\" height=\"20px\" xmlns=\"http:\/\/www.w3.org\/2000\/svg\" viewBox=\"0 0 30 32\"><path fill=\"#55acee\" d=\"M29.7 6.8q-1.2 1.8-3 3.1 0 0.3 0 0.8 0 2.5-0.7 4.9t-2.2 4.7-3.5 4-4.9 2.8-6.1 1q-5.1 0-9.3-2.7 0.6 0.1 1.5 0.1 4.3 0 7.6-2.6-2-0.1-3.5-1.2t-2.2-3q0.6 0.1 1.1 0.1 0.8 0 1.6-0.2-2.1-0.4-3.5-2.1t-1.4-3.9v-0.1q1.3 0.7 2.8 0.8-1.2-0.8-2-2.2t-0.7-2.9q0-1.7 0.8-3.1 2.3 2.8 5.5 4.5t7 1.9q-0.2-0.7-0.2-1.4 0-2.5 1.8-4.3t4.3-1.8q2.7 0 4.5 1.9 2.1-0.4 3.9-1.5-0.7 2.2-2.7 3.4 1.8-0.2 3.5-0.9z\"\/><\/svg><\/span><span class=\"shariff-text\">twittern<\/span>&nbsp;<span data-service=\"twitter\" style=\"color:#55acee\" class=\"shariff-count shariff-hidezero\"><\/span>&nbsp;<\/a><\/li><li class=\"shariff-button rss shariff-nocustomcolor\" style=\"background-color:#ff8c00\"><a href=\"https:\/\/wolfsmonitor.de\/?feed=rss\" title=\"RSS-feed\" aria-label=\"RSS-feed\" role=\"button\" class=\"shariff-link\" style=\"; background-color:#fe9312; color:#fff\" target=\"_blank\"><span class=\"shariff-icon\" style=\"\"><svg width=\"32px\" height=\"20px\" xmlns=\"http:\/\/www.w3.org\/2000\/svg\" viewBox=\"0 0 32 32\"><path fill=\"#fe9312\" d=\"M4.3 23.5c-2.3 0-4.3 1.9-4.3 4.3 0 2.3 1.9 4.2 4.3 4.2 2.4 0 4.3-1.9 4.3-4.2 0-2.3-1.9-4.3-4.3-4.3zM0 10.9v6.1c4 0 7.7 1.6 10.6 4.4 2.8 2.8 4.4 6.6 4.4 10.6h6.2c0-11.7-9.5-21.1-21.1-21.1zM0 0v6.1c14.2 0 25.8 11.6 25.8 25.9h6.2c0-17.6-14.4-32-32-32z\"\/><\/svg><\/span><span class=\"shariff-text\">RSS-feed<\/span>&nbsp;<\/a><\/li><li class=\"shariff-button mailto shariff-nocustomcolor\" style=\"background-color:#a8a8a8\"><a href=\"mailto:?body=https%3A%2F%2Fwolfsmonitor.de%2F%3Fp%3D7861&subject=Wieviel%20Wolf%20vertr%C3%A4gt%20das%20Sauerland%3F\" title=\"Per E-Mail versenden\" aria-label=\"Per E-Mail versenden\" role=\"button\" rel=\"noopener nofollow\" class=\"shariff-link\" style=\"; background-color:#999; color:#fff\"><span class=\"shariff-icon\" style=\"\"><svg width=\"32px\" height=\"20px\" xmlns=\"http:\/\/www.w3.org\/2000\/svg\" viewBox=\"0 0 32 32\"><path fill=\"#999\" d=\"M32 12.7v14.2q0 1.2-0.8 2t-2 0.9h-26.3q-1.2 0-2-0.9t-0.8-2v-14.2q0.8 0.9 1.8 1.6 6.5 4.4 8.9 6.1 1 0.8 1.6 1.2t1.7 0.9 2 0.4h0.1q0.9 0 2-0.4t1.7-0.9 1.6-1.2q3-2.2 8.9-6.1 1-0.7 1.8-1.6zM32 7.4q0 1.4-0.9 2.7t-2.2 2.2q-6.7 4.7-8.4 5.8-0.2 0.1-0.7 0.5t-1 0.7-0.9 0.6-1.1 0.5-0.9 0.2h-0.1q-0.4 0-0.9-0.2t-1.1-0.5-0.9-0.6-1-0.7-0.7-0.5q-1.6-1.1-4.7-3.2t-3.6-2.6q-1.1-0.7-2.1-2t-1-2.5q0-1.4 0.7-2.3t2.1-0.9h26.3q1.2 0 2 0.8t0.9 2z\"\/><\/svg><\/span><span class=\"shariff-text\">E-Mail<\/span>&nbsp;<\/a><\/li><li class=\"shariff-button info shariff-nocustomcolor\" style=\"background-color:#a8a8a8\"><a href=\"http:\/\/ct.de\/-2467514\" title=\"Weitere Informationen\" aria-label=\"Weitere Informationen\" role=\"button\" rel=\"noopener \" class=\"shariff-link\" style=\"; background-color:#999; color:#fff\" target=\"_blank\"><span class=\"shariff-icon\" style=\"\"><svg width=\"32px\" height=\"20px\" xmlns=\"http:\/\/www.w3.org\/2000\/svg\" viewBox=\"0 0 11 32\"><path fill=\"#999\" d=\"M11.4 24v2.3q0 0.5-0.3 0.8t-0.8 0.4h-9.1q-0.5 0-0.8-0.4t-0.4-0.8v-2.3q0-0.5 0.4-0.8t0.8-0.4h1.1v-6.8h-1.1q-0.5 0-0.8-0.4t-0.4-0.8v-2.3q0-0.5 0.4-0.8t0.8-0.4h6.8q0.5 0 0.8 0.4t0.4 0.8v10.3h1.1q0.5 0 0.8 0.4t0.3 0.8zM9.2 3.4v3.4q0 0.5-0.4 0.8t-0.8 0.4h-4.6q-0.4 0-0.8-0.4t-0.4-0.8v-3.4q0-0.4 0.4-0.8t0.8-0.4h4.6q0.5 0 0.8 0.4t0.4 0.8z\"\/><\/svg><\/span><\/a><\/li><\/ul><\/div>","protected":false},"author":1,"featured_media":794,"comment_status":"closed","ping_status":"open","sticky":false,"template":"","format":"standard","meta":{"spay_email":""},"categories":[3],"tags":[5483,5484,5186,5507,5508,5509,3750,876,2472,5481,4649,5506,5482,5339,43,105,37],"jetpack_featured_media_url":"https:\/\/i0.wp.com\/wolfsmonitor.de\/wp-content\/uploads\/2015\/07\/Foto-Kommentar-2.jpg?fit=586%2C513&ssl=1","jetpack_shortlink":"https:\/\/wp.me\/p61YbU-22N","jetpack-related-posts":[{"id":7988,"url":"https:\/\/wolfsmonitor.de\/?p=7988","url_meta":{"origin":7861,"position":0},"title":"Ernst gemeint? Herdenschutz ist offenbar etwas f\u00fcr \"Tr\u00e4umer\"...","date":"5. M\u00e4rz 2017","format":false,"excerpt":"Die interessanteste Information in dem Bericht von Gerhard Sternitzke aus der WNON-Veranstaltung letzten Freitag in Uelzen findet man offenbar nur zwischen den Zeilen. Auf dem ver\u00f6ffentlichten Artikelbild sieht man unter anderem Uelzens Landrat Heiko Blume sowie die Landespolitiker Hans-Heinrich Ehlen und Ernst-Ingolf Angermann. Als Gastredner lud man sich sogar den\u2026","rel":"","context":"In &quot;Aufgelesen&quot;","img":{"alt_text":"Foto: Wildtierfotograf Heiko Anders","src":"https:\/\/i2.wp.com\/wolfsmonitor.de\/wp-content\/uploads\/2016\/05\/HA-Beitragsfoto-Aufgelesen-2.jpg?fit=625%2C469&ssl=1&resize=350%2C200","width":350,"height":200},"classes":[]},{"id":10363,"url":"https:\/\/wolfsmonitor.de\/?p=10363","url_meta":{"origin":7861,"position":1},"title":"Sch\u00fctzenswerte W\u00f6lfe - M\u00e4rchen oder Wahrheit?","date":"11. September 2017","format":false,"excerpt":"Ein Veranstaltungsprogramm \u00fcberl\u00e4sst man als Gastgeber gemeinhin nicht dem Zufall. Wer sich dementsprechend einen lustigen und vielleicht sogar prominenten Abend sichern m\u00f6chte, kann sich dazu beispielsweise einen erstklassigen Komiker wie Otto Waalkes oder Hape Kerkeling einladen. Wenn die CDU-Fraktion im Landtag Sachsen-Anhalts sich nun Michael Stubbe und Franz Prinz zu\u2026","rel":"","context":"In &quot;Standpunkte&quot;","img":{"alt_text":"Wolf im Tierpark Nordhorn","src":"https:\/\/i1.wp.com\/wolfsmonitor.de\/wp-content\/uploads\/2015\/04\/WM-Kommentar.jpg?fit=512%2C442&ssl=1&resize=350%2C200","width":350,"height":200},"classes":[]},{"id":2997,"url":"https:\/\/wolfsmonitor.de\/?p=2997","url_meta":{"origin":7861,"position":2},"title":"Orthodoxe Natursch\u00fctzer oder orthodoxe Waidm\u00e4nner?","date":"6. April 2016","format":false,"excerpt":"\u201eSchade, dass man nicht \u00fcberall dabei sein kann und in diesem Fall auch darf\u201c, dachte ich noch, als ich aus der \u201eaz-online\u201c erfuhr, dass der altehrw\u00fcrdige Vorsitzende der Gesellschaft f\u00fcr Wildtier- und Jagdforschung aus Halle, Prof. Dr. Michael Stubbe, einen Vortrag bei den Stendaler J\u00e4gern hielt. Die f\u00fcr den Wolf\u2026","rel":"","context":"In &quot;Standpunkte&quot;","img":{"alt_text":"Wolf im Tierpark Nordhorn","src":"https:\/\/i1.wp.com\/wolfsmonitor.de\/wp-content\/uploads\/2015\/04\/WM-Kommentar.jpg?fit=512%2C442&ssl=1&resize=350%2C200","width":350,"height":200},"classes":[]},{"id":1853,"url":"https:\/\/wolfsmonitor.de\/?p=1853","url_meta":{"origin":7861,"position":3},"title":"Christoph Stubbe: Lebensr\u00e4ume von W\u00f6lfen in Russland","date":"21. November 2015","format":false,"excerpt":"...\"Nach BOLOGOV (1984) h\u00e4ngt die Gr\u00f6\u00dfe des Lebensraumes von der Gr\u00f6\u00dfe der Familien ab. Bei einer Dichte von 5 - 25 St\u00fcck\/1000 km\u00b2 hat jede Familie einen Lebensraum von 150 - 350 km\u00b2 und grenzt an 4 - 6 Territorien benachbarter Familien. Die Territoriumsgrenzen einer Familie verlaufen h\u00e4ufig an Seenufern,\u2026","rel":"","context":"In &quot;Einsichten&quot;","img":{"alt_text":"","src":"https:\/\/i2.wp.com\/wolfsmonitor.de\/wp-content\/uploads\/2015\/07\/Beitragbild-Einsichten.jpg?fit=662%2C515&ssl=1&resize=350%2C200","width":350,"height":200},"classes":[]},{"id":5051,"url":"https:\/\/wolfsmonitor.de\/?p=5051","url_meta":{"origin":7861,"position":4},"title":"Fehlt Kaj Granlund erneut die wissenschaftliche Neutralit\u00e4t?","date":"19. September 2016","format":false,"excerpt":"Buchautor Kaj Granlund macht erneut von sich reden. Mit seinem Versuch, Deutschlands W\u00f6lfe einerseits zu Hybriden und andererseits als \u201eausgesetzt\u201c zu erkl\u00e4ren, zog er bereits vor Monaten den Unmut einiger Wolfsfachleute, wie z.B. auch den von Ulrich Wotschikowsky auf sich, der damals befand, Granlund habe mit seinem Buch \u201eein politisches\u2026","rel":"","context":"In &quot;Aufgelesen&quot;","img":{"alt_text":"Wolf im Tierpark Nordhorn","src":"https:\/\/i1.wp.com\/wolfsmonitor.de\/wp-content\/uploads\/2015\/09\/Beitragsfoto-Aufgelesen-2.te-Fassung.jpg?fit=581%2C520&ssl=1&resize=350%2C200","width":350,"height":200},"classes":[]},{"id":7922,"url":"https:\/\/wolfsmonitor.de\/?p=7922","url_meta":{"origin":7861,"position":5},"title":"Bremen: Wolfsmonitoring durch die J\u00e4gerschaft?","date":"25. Februar 2017","format":false,"excerpt":"Der Senat in Bremen h\u00e4lt es offenbar f\u00fcr ausreichend, die in Niedersachsen entwickelten Strategien f\u00fcr den Umgang mit den W\u00f6lfen k\u00fcnftig auch im kleinsten Bundesland Deutschlands zur Anwendung zu bringen. So \u00e4u\u00dferte es Umweltstaatsrat Ronny Meyer bei einer Fragestunde in der Bremer B\u00fcrgerschaft letzte Woche (Wolfsmonitor berichtete, hier!) Am 06.\u2026","rel":"","context":"In &quot;Standpunkte&quot;","img":{"alt_text":"Wolf im Tierpark Nordhorn","src":"https:\/\/i1.wp.com\/wolfsmonitor.de\/wp-content\/uploads\/2015\/04\/WM-Kommentar.jpg?fit=512%2C442&ssl=1&resize=350%2C200","width":350,"height":200},"classes":[]}],"_links":{"self":[{"href":"https:\/\/wolfsmonitor.de\/index.php?rest_route=\/wp\/v2\/posts\/7861"}],"collection":[{"href":"https:\/\/wolfsmonitor.de\/index.php?rest_route=\/wp\/v2\/posts"}],"about":[{"href":"https:\/\/wolfsmonitor.de\/index.php?rest_route=\/wp\/v2\/types\/post"}],"author":[{"embeddable":true,"href":"https:\/\/wolfsmonitor.de\/index.php?rest_route=\/wp\/v2\/users\/1"}],"replies":[{"embeddable":true,"href":"https:\/\/wolfsmonitor.de\/index.php?rest_route=%2Fwp%2Fv2%2Fcomments&post=7861"}],"version-history":[{"count":20,"href":"https:\/\/wolfsmonitor.de\/index.php?rest_route=\/wp\/v2\/posts\/7861\/revisions"}],"predecessor-version":[{"id":7921,"href":"https:\/\/wolfsmonitor.de\/index.php?rest_route=\/wp\/v2\/posts\/7861\/revisions\/7921"}],"wp:featuredmedia":[{"embeddable":true,"href":"https:\/\/wolfsmonitor.de\/index.php?rest_route=\/wp\/v2\/media\/794"}],"wp:attachment":[{"href":"https:\/\/wolfsmonitor.de\/index.php?rest_route=%2Fwp%2Fv2%2Fmedia&parent=7861"}],"wp:term":[{"taxonomy":"category","embeddable":true,"href":"https:\/\/wolfsmonitor.de\/index.php?rest_route=%2Fwp%2Fv2%2Fcategories&post=7861"},{"taxonomy":"post_tag","embeddable":true,"href":"https:\/\/wolfsmonitor.de\/index.php?rest_route=%2Fwp%2Fv2%2Ftags&post=7861"}],"curies":[{"name":"wp","href":"https:\/\/api.w.org\/{rel}","templated":true}]}}