{"id":8091,"date":"2017-03-16T08:50:38","date_gmt":"2017-03-16T06:50:38","guid":{"rendered":"http:\/\/wolfsmonitor.de\/?p=8091"},"modified":"2018-05-05T14:26:01","modified_gmt":"2018-05-05T12:26:01","slug":"reissen-woelfe-nutztiere-weil-es-zu-umstaendlich-ist-rehe-zu-jagen","status":"publish","type":"post","link":"https:\/\/wolfsmonitor.de\/?p=8091","title":{"rendered":"Rei\u00dfen W\u00f6lfe Nutztiere, weil es zu umst\u00e4ndlich ist, Rehe zu jagen?"},"content":{"rendered":"<p><strong>Mit den W\u00f6lfen von fr\u00fcher h\u00e4tten die heutigen W\u00f6lfe offenbar nichts mehr \u201ezu tun\u201c, wird Berufsj\u00e4ger Peter Markett in den Westf\u00e4lischen Nachrichten zitiert. Besonders beim Jagdverhalten zeige sich das.<\/strong><!--more--><\/p>\n<p>Au\u00dferdem ist zu lesen, dass die W\u00f6lfe\u00a0\u201ekeine Scheu\u201c h\u00e4tten und sich ein \u201eneues Jagdverhalten\u201c angeeignet h\u00e4tten.<\/p>\n<p>Rehe zu jagen, sei den W\u00f6lfen anscheinend viel zu umst\u00e4ndlich, sodass die Raubtiere in Sachsen und Niedersachsen 2015 vor allem Schafe und Rinder rissen\u2026<\/p>\n<p>Da ich mir nicht vorzustellen vermag, dass ein ausgebildeter Wildmeister derartige Dinge genau so von sich gibt, gehe ich einmal davon aus, dass Mike Mathis von den Westf\u00e4lischen Nachrichten ihn falsch verstanden hat und in dem Artikel Einzelzitate des Wildmeisters etwas aus dem Zusammenhang gerissen wurden. Ob andere Leser allerdings auch davon ausgehen?\u2026<\/p>\n<p><span style=\"color: #0000ff;\"><a style=\"color: #0000ff;\" href=\"http:\/\/www.wn.de\/Muensterland\/Kreis-Warendorf\/Drensteinfurt\/2738863-Rueckkehr-der-Woelfe-Tiere-ohne-Scheu-und-mit-neuem-Jagdverhalten\" target=\"_blank\">Hier der Link zum Zeitungsartikel!<\/a><\/span><\/p>\n<hr \/>\n<p><em><u>Quelle:<\/u> Westf\u00e4lische Nachrichten, Beitrag von Mike Mathis am 15.3.2017: \u201eTiere \u201eohne Scheu\u201c und mit neuem Jagdverhalten\u201c, abgerufen am 16.3.2017<\/em><\/p>\n<div class=\"shariff shariff-align-center shariff-widget-align-center\" data-services=\"facebook%7Ctwitter\" data-url=\"https%3A%2F%2Fwolfsmonitor.de%2F%3Fp%3D8091\" data-timestamp=\"1525530361\" data-backendurl=\"?rest_route=\/shariff\/v1\/share_counts&\"><ul class=\"shariff-buttons theme-color orientation-horizontal buttonsize-small\"><li class=\"shariff-button facebook shariff-nocustomcolor\" style=\"background-color:#4273c8\"><a href=\"https:\/\/www.facebook.com\/sharer\/sharer.php?u=https%3A%2F%2Fwolfsmonitor.de%2F%3Fp%3D8091\" title=\"Bei Facebook teilen\" aria-label=\"Bei Facebook teilen\" role=\"button\" rel=\"nofollow\" class=\"shariff-link\" style=\"; background-color:#3b5998; color:#fff\" target=\"_blank\"><span class=\"shariff-icon\" style=\"\"><svg width=\"32px\" height=\"20px\" xmlns=\"http:\/\/www.w3.org\/2000\/svg\" viewBox=\"0 0 18 32\"><path fill=\"#3b5998\" d=\"M17.1 0.2v4.7h-2.8q-1.5 0-2.1 0.6t-0.5 1.9v3.4h5.2l-0.7 5.3h-4.5v13.6h-5.5v-13.6h-4.5v-5.3h4.5v-3.9q0-3.3 1.9-5.2t5-1.8q2.6 0 4.1 0.2z\"\/><\/svg><\/span><span class=\"shariff-text\">teilen<\/span>&nbsp;<span data-service=\"facebook\" style=\"color:#3b5998\" class=\"shariff-count shariff-hidezero\"><\/span>&nbsp;<\/a><\/li><li class=\"shariff-button twitter shariff-nocustomcolor\" style=\"background-color:#32bbf5\"><a href=\"https:\/\/twitter.com\/share?url=https%3A%2F%2Fwolfsmonitor.de%2F%3Fp%3D8091&text=Rei%C3%9Fen%20W%C3%B6lfe%20Nutztiere%2C%20weil%20es%20zu%20umst%C3%A4ndlich%20ist%2C%20Rehe%20zu%20jagen%3F\" title=\"Bei Twitter teilen\" aria-label=\"Bei Twitter teilen\" role=\"button\" rel=\"noopener nofollow\" class=\"shariff-link\" style=\"; background-color:#55acee; color:#fff\" target=\"_blank\"><span class=\"shariff-icon\" style=\"\"><svg width=\"32px\" height=\"20px\" xmlns=\"http:\/\/www.w3.org\/2000\/svg\" viewBox=\"0 0 30 32\"><path fill=\"#55acee\" d=\"M29.7 6.8q-1.2 1.8-3 3.1 0 0.3 0 0.8 0 2.5-0.7 4.9t-2.2 4.7-3.5 4-4.9 2.8-6.1 1q-5.1 0-9.3-2.7 0.6 0.1 1.5 0.1 4.3 0 7.6-2.6-2-0.1-3.5-1.2t-2.2-3q0.6 0.1 1.1 0.1 0.8 0 1.6-0.2-2.1-0.4-3.5-2.1t-1.4-3.9v-0.1q1.3 0.7 2.8 0.8-1.2-0.8-2-2.2t-0.7-2.9q0-1.7 0.8-3.1 2.3 2.8 5.5 4.5t7 1.9q-0.2-0.7-0.2-1.4 0-2.5 1.8-4.3t4.3-1.8q2.7 0 4.5 1.9 2.1-0.4 3.9-1.5-0.7 2.2-2.7 3.4 1.8-0.2 3.5-0.9z\"\/><\/svg><\/span><span class=\"shariff-text\">twittern<\/span>&nbsp;<span data-service=\"twitter\" style=\"color:#55acee\" class=\"shariff-count shariff-hidezero\"><\/span>&nbsp;<\/a><\/li><li class=\"shariff-button rss shariff-nocustomcolor\" style=\"background-color:#ff8c00\"><a href=\"https:\/\/wolfsmonitor.de\/?feed=rss\" title=\"RSS-feed\" aria-label=\"RSS-feed\" role=\"button\" class=\"shariff-link\" style=\"; background-color:#fe9312; color:#fff\" target=\"_blank\"><span class=\"shariff-icon\" style=\"\"><svg width=\"32px\" height=\"20px\" xmlns=\"http:\/\/www.w3.org\/2000\/svg\" viewBox=\"0 0 32 32\"><path fill=\"#fe9312\" d=\"M4.3 23.5c-2.3 0-4.3 1.9-4.3 4.3 0 2.3 1.9 4.2 4.3 4.2 2.4 0 4.3-1.9 4.3-4.2 0-2.3-1.9-4.3-4.3-4.3zM0 10.9v6.1c4 0 7.7 1.6 10.6 4.4 2.8 2.8 4.4 6.6 4.4 10.6h6.2c0-11.7-9.5-21.1-21.1-21.1zM0 0v6.1c14.2 0 25.8 11.6 25.8 25.9h6.2c0-17.6-14.4-32-32-32z\"\/><\/svg><\/span><span class=\"shariff-text\">RSS-feed<\/span>&nbsp;<\/a><\/li><li class=\"shariff-button mailto shariff-nocustomcolor\" style=\"background-color:#a8a8a8\"><a href=\"mailto:?body=https%3A%2F%2Fwolfsmonitor.de%2F%3Fp%3D8091&subject=Rei%C3%9Fen%20W%C3%B6lfe%20Nutztiere%2C%20weil%20es%20zu%20umst%C3%A4ndlich%20ist%2C%20Rehe%20zu%20jagen%3F\" title=\"Per E-Mail versenden\" aria-label=\"Per E-Mail versenden\" role=\"button\" rel=\"noopener nofollow\" class=\"shariff-link\" style=\"; background-color:#999; color:#fff\"><span class=\"shariff-icon\" style=\"\"><svg width=\"32px\" height=\"20px\" xmlns=\"http:\/\/www.w3.org\/2000\/svg\" viewBox=\"0 0 32 32\"><path fill=\"#999\" d=\"M32 12.7v14.2q0 1.2-0.8 2t-2 0.9h-26.3q-1.2 0-2-0.9t-0.8-2v-14.2q0.8 0.9 1.8 1.6 6.5 4.4 8.9 6.1 1 0.8 1.6 1.2t1.7 0.9 2 0.4h0.1q0.9 0 2-0.4t1.7-0.9 1.6-1.2q3-2.2 8.9-6.1 1-0.7 1.8-1.6zM32 7.4q0 1.4-0.9 2.7t-2.2 2.2q-6.7 4.7-8.4 5.8-0.2 0.1-0.7 0.5t-1 0.7-0.9 0.6-1.1 0.5-0.9 0.2h-0.1q-0.4 0-0.9-0.2t-1.1-0.5-0.9-0.6-1-0.7-0.7-0.5q-1.6-1.1-4.7-3.2t-3.6-2.6q-1.1-0.7-2.1-2t-1-2.5q0-1.4 0.7-2.3t2.1-0.9h26.3q1.2 0 2 0.8t0.9 2z\"\/><\/svg><\/span><span class=\"shariff-text\">E-Mail<\/span>&nbsp;<\/a><\/li><li class=\"shariff-button info shariff-nocustomcolor\" style=\"background-color:#a8a8a8\"><a href=\"http:\/\/ct.de\/-2467514\" title=\"Weitere Informationen\" aria-label=\"Weitere Informationen\" role=\"button\" rel=\"noopener \" class=\"shariff-link\" style=\"; background-color:#999; color:#fff\" target=\"_blank\"><span class=\"shariff-icon\" style=\"\"><svg width=\"32px\" height=\"20px\" xmlns=\"http:\/\/www.w3.org\/2000\/svg\" viewBox=\"0 0 11 32\"><path fill=\"#999\" d=\"M11.4 24v2.3q0 0.5-0.3 0.8t-0.8 0.4h-9.1q-0.5 0-0.8-0.4t-0.4-0.8v-2.3q0-0.5 0.4-0.8t0.8-0.4h1.1v-6.8h-1.1q-0.5 0-0.8-0.4t-0.4-0.8v-2.3q0-0.5 0.4-0.8t0.8-0.4h6.8q0.5 0 0.8 0.4t0.4 0.8v10.3h1.1q0.5 0 0.8 0.4t0.3 0.8zM9.2 3.4v3.4q0 0.5-0.4 0.8t-0.8 0.4h-4.6q-0.4 0-0.8-0.4t-0.4-0.8v-3.4q0-0.4 0.4-0.8t0.8-0.4h4.6q0.5 0 0.8 0.4t0.4 0.8z\"\/><\/svg><\/span><\/a><\/li><\/ul><\/div>","protected":false},"excerpt":{"rendered":"<p>Mit den W\u00f6lfen von fr\u00fcher h\u00e4tten die heutigen W\u00f6lfe offenbar nichts mehr \u201ezu tun\u201c, wird Berufsj\u00e4ger Peter Markett in den Westf\u00e4lischen Nachrichten zitiert. Besonders beim Jagdverhalten zeige sich das.<\/p>\n<div class=\"shariff shariff-align-center shariff-widget-align-center\" data-services=\"facebook%7Ctwitter\" data-url=\"https%3A%2F%2Fwolfsmonitor.de%2F%3Fp%3D8091\" data-timestamp=\"1525530361\" data-backendurl=\"?rest_route=\/shariff\/v1\/share_counts&\"><ul class=\"shariff-buttons theme-color orientation-horizontal buttonsize-small\"><li class=\"shariff-button facebook shariff-nocustomcolor\" style=\"background-color:#4273c8\"><a href=\"https:\/\/www.facebook.com\/sharer\/sharer.php?u=https%3A%2F%2Fwolfsmonitor.de%2F%3Fp%3D8091\" title=\"Bei Facebook teilen\" aria-label=\"Bei Facebook teilen\" role=\"button\" rel=\"nofollow\" class=\"shariff-link\" style=\"; background-color:#3b5998; color:#fff\" target=\"_blank\"><span class=\"shariff-icon\" style=\"\"><svg width=\"32px\" height=\"20px\" xmlns=\"http:\/\/www.w3.org\/2000\/svg\" viewBox=\"0 0 18 32\"><path fill=\"#3b5998\" d=\"M17.1 0.2v4.7h-2.8q-1.5 0-2.1 0.6t-0.5 1.9v3.4h5.2l-0.7 5.3h-4.5v13.6h-5.5v-13.6h-4.5v-5.3h4.5v-3.9q0-3.3 1.9-5.2t5-1.8q2.6 0 4.1 0.2z\"\/><\/svg><\/span><span class=\"shariff-text\">teilen<\/span>&nbsp;<span data-service=\"facebook\" style=\"color:#3b5998\" class=\"shariff-count shariff-hidezero\"><\/span>&nbsp;<\/a><\/li><li class=\"shariff-button twitter shariff-nocustomcolor\" style=\"background-color:#32bbf5\"><a href=\"https:\/\/twitter.com\/share?url=https%3A%2F%2Fwolfsmonitor.de%2F%3Fp%3D8091&text=Rei%C3%9Fen%20W%C3%B6lfe%20Nutztiere%2C%20weil%20es%20zu%20umst%C3%A4ndlich%20ist%2C%20Rehe%20zu%20jagen%3F\" title=\"Bei Twitter teilen\" aria-label=\"Bei Twitter teilen\" role=\"button\" rel=\"noopener nofollow\" class=\"shariff-link\" style=\"; background-color:#55acee; color:#fff\" target=\"_blank\"><span class=\"shariff-icon\" style=\"\"><svg width=\"32px\" height=\"20px\" xmlns=\"http:\/\/www.w3.org\/2000\/svg\" viewBox=\"0 0 30 32\"><path fill=\"#55acee\" d=\"M29.7 6.8q-1.2 1.8-3 3.1 0 0.3 0 0.8 0 2.5-0.7 4.9t-2.2 4.7-3.5 4-4.9 2.8-6.1 1q-5.1 0-9.3-2.7 0.6 0.1 1.5 0.1 4.3 0 7.6-2.6-2-0.1-3.5-1.2t-2.2-3q0.6 0.1 1.1 0.1 0.8 0 1.6-0.2-2.1-0.4-3.5-2.1t-1.4-3.9v-0.1q1.3 0.7 2.8 0.8-1.2-0.8-2-2.2t-0.7-2.9q0-1.7 0.8-3.1 2.3 2.8 5.5 4.5t7 1.9q-0.2-0.7-0.2-1.4 0-2.5 1.8-4.3t4.3-1.8q2.7 0 4.5 1.9 2.1-0.4 3.9-1.5-0.7 2.2-2.7 3.4 1.8-0.2 3.5-0.9z\"\/><\/svg><\/span><span class=\"shariff-text\">twittern<\/span>&nbsp;<span data-service=\"twitter\" style=\"color:#55acee\" class=\"shariff-count shariff-hidezero\"><\/span>&nbsp;<\/a><\/li><li class=\"shariff-button rss shariff-nocustomcolor\" style=\"background-color:#ff8c00\"><a href=\"https:\/\/wolfsmonitor.de\/?feed=rss\" title=\"RSS-feed\" aria-label=\"RSS-feed\" role=\"button\" class=\"shariff-link\" style=\"; background-color:#fe9312; color:#fff\" target=\"_blank\"><span class=\"shariff-icon\" style=\"\"><svg width=\"32px\" height=\"20px\" xmlns=\"http:\/\/www.w3.org\/2000\/svg\" viewBox=\"0 0 32 32\"><path fill=\"#fe9312\" d=\"M4.3 23.5c-2.3 0-4.3 1.9-4.3 4.3 0 2.3 1.9 4.2 4.3 4.2 2.4 0 4.3-1.9 4.3-4.2 0-2.3-1.9-4.3-4.3-4.3zM0 10.9v6.1c4 0 7.7 1.6 10.6 4.4 2.8 2.8 4.4 6.6 4.4 10.6h6.2c0-11.7-9.5-21.1-21.1-21.1zM0 0v6.1c14.2 0 25.8 11.6 25.8 25.9h6.2c0-17.6-14.4-32-32-32z\"\/><\/svg><\/span><span class=\"shariff-text\">RSS-feed<\/span>&nbsp;<\/a><\/li><li class=\"shariff-button mailto shariff-nocustomcolor\" style=\"background-color:#a8a8a8\"><a href=\"mailto:?body=https%3A%2F%2Fwolfsmonitor.de%2F%3Fp%3D8091&subject=Rei%C3%9Fen%20W%C3%B6lfe%20Nutztiere%2C%20weil%20es%20zu%20umst%C3%A4ndlich%20ist%2C%20Rehe%20zu%20jagen%3F\" title=\"Per E-Mail versenden\" aria-label=\"Per E-Mail versenden\" role=\"button\" rel=\"noopener nofollow\" class=\"shariff-link\" style=\"; background-color:#999; color:#fff\"><span class=\"shariff-icon\" style=\"\"><svg width=\"32px\" height=\"20px\" xmlns=\"http:\/\/www.w3.org\/2000\/svg\" viewBox=\"0 0 32 32\"><path fill=\"#999\" d=\"M32 12.7v14.2q0 1.2-0.8 2t-2 0.9h-26.3q-1.2 0-2-0.9t-0.8-2v-14.2q0.8 0.9 1.8 1.6 6.5 4.4 8.9 6.1 1 0.8 1.6 1.2t1.7 0.9 2 0.4h0.1q0.9 0 2-0.4t1.7-0.9 1.6-1.2q3-2.2 8.9-6.1 1-0.7 1.8-1.6zM32 7.4q0 1.4-0.9 2.7t-2.2 2.2q-6.7 4.7-8.4 5.8-0.2 0.1-0.7 0.5t-1 0.7-0.9 0.6-1.1 0.5-0.9 0.2h-0.1q-0.4 0-0.9-0.2t-1.1-0.5-0.9-0.6-1-0.7-0.7-0.5q-1.6-1.1-4.7-3.2t-3.6-2.6q-1.1-0.7-2.1-2t-1-2.5q0-1.4 0.7-2.3t2.1-0.9h26.3q1.2 0 2 0.8t0.9 2z\"\/><\/svg><\/span><span class=\"shariff-text\">E-Mail<\/span>&nbsp;<\/a><\/li><li class=\"shariff-button info shariff-nocustomcolor\" style=\"background-color:#a8a8a8\"><a href=\"http:\/\/ct.de\/-2467514\" title=\"Weitere Informationen\" aria-label=\"Weitere Informationen\" role=\"button\" rel=\"noopener \" class=\"shariff-link\" style=\"; background-color:#999; color:#fff\" target=\"_blank\"><span class=\"shariff-icon\" style=\"\"><svg width=\"32px\" height=\"20px\" xmlns=\"http:\/\/www.w3.org\/2000\/svg\" viewBox=\"0 0 11 32\"><path fill=\"#999\" d=\"M11.4 24v2.3q0 0.5-0.3 0.8t-0.8 0.4h-9.1q-0.5 0-0.8-0.4t-0.4-0.8v-2.3q0-0.5 0.4-0.8t0.8-0.4h1.1v-6.8h-1.1q-0.5 0-0.8-0.4t-0.4-0.8v-2.3q0-0.5 0.4-0.8t0.8-0.4h6.8q0.5 0 0.8 0.4t0.4 0.8v10.3h1.1q0.5 0 0.8 0.4t0.3 0.8zM9.2 3.4v3.4q0 0.5-0.4 0.8t-0.8 0.4h-4.6q-0.4 0-0.8-0.4t-0.4-0.8v-3.4q0-0.4 0.4-0.8t0.8-0.4h4.6q0.5 0 0.8 0.4t0.4 0.8z\"\/><\/svg><\/span><\/a><\/li><\/ul><\/div>","protected":false},"author":1,"featured_media":1193,"comment_status":"closed","ping_status":"open","sticky":false,"template":"","format":"standard","meta":{"spay_email":""},"categories":[126],"tags":[5613,5616,5615,5614,43,105],"jetpack_featured_media_url":"https:\/\/i1.wp.com\/wolfsmonitor.de\/wp-content\/uploads\/2015\/09\/Beitragsfoto-Aufgelesen-2.te-Fassung.jpg?fit=581%2C520&ssl=1","jetpack_shortlink":"https:\/\/wp.me\/p61YbU-26v","jetpack-related-posts":[{"id":7864,"url":"https:\/\/wolfsmonitor.de\/?p=7864","url_meta":{"origin":8091,"position":0},"title":"Eine Wolfsf\u00e4he und 15 Rothirsche in der Gl\u00fccksburger Heide besendert","date":"22. Februar 2017","format":false,"excerpt":"BerlinOnline meldet: \"Senderprojekt f\u00fcr W\u00f6lfe und Rothirsche gestartet\" \"Forscher untersuchen an der Grenze von Sachsen-Anhalt zu Brandenburg derzeit, wie sich das Jagdverhalten von W\u00f6lfen auf Rotwild auswirkt. F\u00fcr das Projekt \u00abR\u00e4uber und Beute\u00bb in der Gl\u00fccksburger Heide wurden ein Wolfsweibchen und 15 Rothirsche mit Sendern best\u00fcckt, wie Wildbiologe Frank-Uwe Michler\u2026","rel":"","context":"In &quot;Hintergr\u00fcnde&quot;","img":{"alt_text":"Wolf im TP Nordhorn (Foto: Vogler)","src":"https:\/\/i2.wp.com\/wolfsmonitor.de\/wp-content\/uploads\/2016\/02\/Hintergrund-2016.jpg?fit=518%2C494&ssl=1&resize=350%2C200","width":350,"height":200},"classes":[]},{"id":10842,"url":"https:\/\/wolfsmonitor.de\/?p=10842","url_meta":{"origin":8091,"position":1},"title":"Interview mit Peter Blanch\u00e9 zu Gehegew\u00f6lfen: \"Gef\u00e4hrlich gut an Menschen gew\u00f6hnt\"","date":"11. Oktober 2017","format":false,"excerpt":"\"Gerade erst hat nach mehr als 150 Jahren das erste, wild lebende Wolfsrudel wieder Revier in Bayern bezogen. Eine R\u00fcckkehr, die prompt von der Forderung nach einer Lockerung des Schutzes f\u00fcr diese Tiere begleitet wurde, um Sch\u00e4den f\u00fcr Viehhalter abzuwenden. W\u00e4hrend die zust\u00e4ndigen Beh\u00f6rden diesen Forderungen bislang Stand halten, sieht\u2026","rel":"","context":"In &quot;Interviews&quot;","img":{"alt_text":"Tierpark-Wolf im Fellwechsel (Foto. Vogler)","src":"https:\/\/i2.wp.com\/wolfsmonitor.de\/wp-content\/uploads\/2016\/09\/Beitrafsfoto-Interviews.jpg?fit=722%2C507&ssl=1&resize=350%2C200","width":350,"height":200},"classes":[]},{"id":3744,"url":"https:\/\/wolfsmonitor.de\/?p=3744","url_meta":{"origin":8091,"position":2},"title":"Gastautor Dr. Wolf Kribben: \"FDP-Forderung zu W\u00f6lfen in NRW inakzeptabel!\"","date":"2. Juni 2016","format":false,"excerpt":"Fast schon mit Entsetzen habe ich den Antrag der nordrhein-westf\u00e4lischen FDP und die Begr\u00fcndung des FDP-Abgeordneten Henning H\u00f6ne auf dessen Homepage gelesen, die sich beide um die Beschr\u00e4nkung des Verbreitungsgebietes des Wolfes drehen. H\u00f6ne schrieb dazu: \"Niemand, der sich mit der Jagdausbildung besch\u00e4ftigt hat, wird bestreiten k\u00f6nnen, dass J\u00e4ger Fachleute\u2026","rel":"","context":"In &quot;Gastbeitrag&quot;","img":{"alt_text":"Dr. Wolf Kribben (Foto: Wolf Kribben)","src":"https:\/\/i1.wp.com\/wolfsmonitor.de\/wp-content\/uploads\/2016\/06\/Dr.-Wolf-Kribben-Foto-Kribben.jpg?fit=796%2C529&ssl=1&resize=350%2C200","width":350,"height":200},"classes":[]},{"id":1028,"url":"https:\/\/wolfsmonitor.de\/?p=1028","url_meta":{"origin":8091,"position":3},"title":"3 Antworten von Tanja Askani","date":"6. August 2015","format":false,"excerpt":"Tanja Askani, international anerkannte Wolfsexpertin und durch die Medien und ihre zahlreichen Vortr\u00e4ge bekannt, betreut mehrere Wolfsrudel im Wildpark L\u00fcneburger Heide. Sie befasst sich bereits seit fr\u00fchester Kindheit mit Wildtieren, pflegte als Falknerin verletzte Greifv\u00f6gel und legte 1998 mit der von ihr aufgezogenen W\u00f6lfin \u201eFlocke\u201c den Grundstein f\u00fcr ihr erstes\u2026","rel":"","context":"In &quot;Interviews&quot;","img":{"alt_text":"","src":"https:\/\/i0.wp.com\/wolfsmonitor.de\/wp-content\/uploads\/2015\/08\/Wolfsmonitor-Foto-zum-Interview-mit-Tanja-Askani.jpg?fit=788%2C511&ssl=1&resize=350%2C200","width":350,"height":200},"classes":[]},{"id":9918,"url":"https:\/\/wolfsmonitor.de\/?p=9918","url_meta":{"origin":8091,"position":4},"title":"\u201eWolfsgutachten\u201c in Nordrhein-Westfalen: Zweifelhafte Objektivit\u00e4t!","date":"9. August 2017","format":false,"excerpt":"Angenommen, liebe Leserinnen und Leser, Sie w\u00e4ren au\u00dfergew\u00f6hnlich stark an sportlichen Autos von Mercedes interessiert. Also quasi Liebhaber der Modelle dieses Herstellers und m\u00f6chten m\u00f6glichst alles dar\u00fcber wissen. W\u00fcrden Sie sich dann ein Buch \u00fcber Fiat- Modelle kaufen? Nein? Merkw\u00fcrdig. So gro\u00df ist der Unterschied doch gar nicht. Auto ist\u2026","rel":"","context":"In &quot;Standpunkte&quot;","img":{"alt_text":"Wolf im Tierpark Nordhorn","src":"https:\/\/i1.wp.com\/wolfsmonitor.de\/wp-content\/uploads\/2015\/04\/WM-Kommentar.jpg?fit=512%2C442&ssl=1&resize=350%2C200","width":350,"height":200},"classes":[]},{"id":9610,"url":"https:\/\/wolfsmonitor.de\/?p=9610","url_meta":{"origin":8091,"position":5},"title":"Quatsch und Populismus in Garlstedt","date":"12. Juli 2017","format":false,"excerpt":"\u201eDer Populismus hat eine recht unruhige Entwicklung durchgemacht. Einst war er erfunden worden als eine politische Richtung, die dem Volk aufs Maul schaut, um daraus eine Politik im Sinne des Volkes zu zimmern. Dann hat er sich verbogen zu einer politischen Bewegung, die dem Volk nach dem Maul redet, gleichg\u00fcltig,\u2026","rel":"","context":"In &quot;Standpunkte&quot;","img":{"alt_text":"Wolf im Tierpark Nordhorn","src":"https:\/\/i0.wp.com\/wolfsmonitor.de\/wp-content\/uploads\/2015\/07\/Foto-Kommentar-2.jpg?fit=586%2C513&ssl=1&resize=350%2C200","width":350,"height":200},"classes":[]}],"_links":{"self":[{"href":"https:\/\/wolfsmonitor.de\/index.php?rest_route=\/wp\/v2\/posts\/8091"}],"collection":[{"href":"https:\/\/wolfsmonitor.de\/index.php?rest_route=\/wp\/v2\/posts"}],"about":[{"href":"https:\/\/wolfsmonitor.de\/index.php?rest_route=\/wp\/v2\/types\/post"}],"author":[{"embeddable":true,"href":"https:\/\/wolfsmonitor.de\/index.php?rest_route=\/wp\/v2\/users\/1"}],"replies":[{"embeddable":true,"href":"https:\/\/wolfsmonitor.de\/index.php?rest_route=%2Fwp%2Fv2%2Fcomments&post=8091"}],"version-history":[{"count":6,"href":"https:\/\/wolfsmonitor.de\/index.php?rest_route=\/wp\/v2\/posts\/8091\/revisions"}],"predecessor-version":[{"id":8097,"href":"https:\/\/wolfsmonitor.de\/index.php?rest_route=\/wp\/v2\/posts\/8091\/revisions\/8097"}],"wp:featuredmedia":[{"embeddable":true,"href":"https:\/\/wolfsmonitor.de\/index.php?rest_route=\/wp\/v2\/media\/1193"}],"wp:attachment":[{"href":"https:\/\/wolfsmonitor.de\/index.php?rest_route=%2Fwp%2Fv2%2Fmedia&parent=8091"}],"wp:term":[{"taxonomy":"category","embeddable":true,"href":"https:\/\/wolfsmonitor.de\/index.php?rest_route=%2Fwp%2Fv2%2Fcategories&post=8091"},{"taxonomy":"post_tag","embeddable":true,"href":"https:\/\/wolfsmonitor.de\/index.php?rest_route=%2Fwp%2Fv2%2Ftags&post=8091"}],"curies":[{"name":"wp","href":"https:\/\/api.w.org\/{rel}","templated":true}]}}