{"id":8121,"date":"2017-03-18T23:15:22","date_gmt":"2017-03-18T21:15:22","guid":{"rendered":"http:\/\/wolfsmonitor.de\/?p=8121"},"modified":"2018-05-05T14:26:28","modified_gmt":"2018-05-05T12:26:28","slug":"uelzen-zerbiss-tatsaechlich-ein-wolf-den-elektrozaun-in-ellerndorf","status":"publish","type":"post","link":"https:\/\/wolfsmonitor.de\/?p=8121","title":{"rendered":"Uelzen: Zerbiss tats\u00e4chlich ein Wolf den Elektrozaun in Ellerndorf?"},"content":{"rendered":"<p><strong>Gestern hie\u00df es auf &#8222;AZ-Online&#8220; noch: <em>\u201eEr kam aus der Dunkelheit, zerbiss die stromf\u00fchrenden Dr\u00e4hte des 90 Zentimeter hohen Weidezauns und fiel \u00fcber drei Ziegen und drei Heidschnuckenl\u00e4mmer her, die auf dem Rheinmetall-Schie\u00dfgel\u00e4nde bei Ellerndorf standen\u201c<\/em> (*1). Beim NDR klang das zuletzt allerdings etwas anders.<\/strong><!--more--><\/p>\n<p><em>\u201eOb der Vorfall sich tats\u00e4chlich so ereignet hat, kann Wolfsberater Theo Gr\u00fcntjens nicht sagen. Denn was er vor Ort vorgefunden hat, k\u00f6nnte in unterschiedliche Richtungen weisen\u201c,<\/em> hie\u00df es dort.<\/p>\n<p>Drum schaue, wer sein t\u00e4glich \u201eAbo\u201c findet, dass er sich an den Richt`gen bindet, m\u00f6chte man da spontan anmerken.<\/p>\n<p>Selbst f\u00fcr erfahrene Wolfsexperten wie beispielsweise Gesa Kluth vom LUPUS Institut f\u00fcr Wolfsmonitoring und -forschung in Deutschland klang der von der AZ-Online geschilderte Hergang offenbar absurd.<\/p>\n<p>Es sei unwahrscheinlich, zitiert sie der NDR, dass ein Wolf einen Zaun zernagt, der unter Strom steht. Das Tier m\u00fcsste dann st\u00e4ndigen Stromschl\u00e4gen ausgesetzt gewesen sein.<\/p>\n<p>Mich selbst besch\u00e4ftigt dar\u00fcber hinaus die Frage, welchen reellen Schutz sich jemand vom Einsatz eines rund einj\u00e4hrigen Herdenschutzhundes (HSH) in Kombination mit einem einzelnen Esel verspricht.<\/p>\n<p><em>\u201ePontos und Emma haben vielleicht Schlimmeres verhindert\u201c<\/em>, glaubt der Sch\u00e4fer.<\/p>\n<p>Ich habe alle meine Unterlagen und vermeintlich geeigneten Quellen dahingehend durchgesehen. Nirgends fand ich auch nur eine Empfehlung f\u00fcr eine derartige Herdenschutz-Konstellation von Junghund und Esel. Aber vielleicht haben sie ja tats\u00e4chlich Schlimmeres verhindert. Vielleicht&#8230;<\/p>\n<p>Den vollst\u00e4ndigen NDR-Bericht <span style=\"color: #0000ff;\"><a style=\"color: #0000ff;\" href=\"https:\/\/www.ndr.de\/nachrichten\/niedersachsen\/lueneburg_heide_unterelbe\/Loch-im-Elektrozaun-War-es-der-Wolf,wolf3034.html\" target=\"_blank\">finden Sie hier!<\/a><\/span><\/p>\n<hr \/>\n<p><u>Quellen:<\/u><\/p>\n<p><em>\u00a0(*1) AZ-Online am 17.03.2017: \u201eWolf zerbei\u00dft Elektrozaun und rei\u00dft Ziegen: \u201eBundesweit einmalig\u201c, abgerufen am 18.3.2017,<span style=\"color: #0000ff;\"><a style=\"color: #0000ff;\" href=\"https:\/\/www.az-online.de\/uelzen\/stadt-uelzen\/wolf-zerbeisst-elektrozaun-reisst-ziegen-bundesweit-einmalig-7797378.html\" target=\"_blank\"> hier der Link!<\/a><\/span><br \/>\n<\/em><\/p>\n<p><em>(*2) Norddeutscher Rundfunk, NDR, www.ndr.de, am 17.3.2017: &#8222;Loch im Elektrozaun: War es der Wolf?&#8220;, abgerufen am 18.3.2017<\/em><\/p>\n<hr \/>\n<p><em><span style=\"text-decoration: underline;\">Beitragsfoto:<\/span> Heiko Anders, <span style=\"color: #0000ff;\"><a style=\"color: #0000ff;\" href=\"http:\/\/www.andersfotografiert.com\" target=\"_blank\">www.andersfotografiert.com<\/a><\/span><\/em><\/p>\n<p><em>(Keine Haftung f\u00fcr Links und verlinkte Inhalte!)<\/em><\/p>\n<p>&nbsp;<\/p>\n<p>&nbsp;<\/p>\n<div class=\"shariff shariff-align-center shariff-widget-align-center\" data-services=\"facebook%7Ctwitter\" data-url=\"https%3A%2F%2Fwolfsmonitor.de%2F%3Fp%3D8121\" data-timestamp=\"1525530388\" data-backendurl=\"?rest_route=\/shariff\/v1\/share_counts&\"><ul class=\"shariff-buttons theme-color orientation-horizontal buttonsize-small\"><li class=\"shariff-button facebook shariff-nocustomcolor\" style=\"background-color:#4273c8\"><a href=\"https:\/\/www.facebook.com\/sharer\/sharer.php?u=https%3A%2F%2Fwolfsmonitor.de%2F%3Fp%3D8121\" title=\"Bei Facebook teilen\" aria-label=\"Bei Facebook teilen\" role=\"button\" rel=\"nofollow\" class=\"shariff-link\" style=\"; background-color:#3b5998; color:#fff\" target=\"_blank\"><span class=\"shariff-icon\" style=\"\"><svg width=\"32px\" height=\"20px\" xmlns=\"http:\/\/www.w3.org\/2000\/svg\" viewBox=\"0 0 18 32\"><path fill=\"#3b5998\" d=\"M17.1 0.2v4.7h-2.8q-1.5 0-2.1 0.6t-0.5 1.9v3.4h5.2l-0.7 5.3h-4.5v13.6h-5.5v-13.6h-4.5v-5.3h4.5v-3.9q0-3.3 1.9-5.2t5-1.8q2.6 0 4.1 0.2z\"\/><\/svg><\/span><span class=\"shariff-text\">teilen<\/span>&nbsp;<span data-service=\"facebook\" style=\"color:#3b5998\" class=\"shariff-count shariff-hidezero\"><\/span>&nbsp;<\/a><\/li><li class=\"shariff-button twitter shariff-nocustomcolor\" style=\"background-color:#32bbf5\"><a href=\"https:\/\/twitter.com\/share?url=https%3A%2F%2Fwolfsmonitor.de%2F%3Fp%3D8121&text=Uelzen%3A%20Zerbiss%20tats%C3%A4chlich%20ein%20Wolf%20den%20Elektrozaun%20in%20Ellerndorf%3F\" title=\"Bei Twitter teilen\" aria-label=\"Bei Twitter teilen\" role=\"button\" rel=\"noopener nofollow\" class=\"shariff-link\" style=\"; background-color:#55acee; color:#fff\" target=\"_blank\"><span class=\"shariff-icon\" style=\"\"><svg width=\"32px\" height=\"20px\" xmlns=\"http:\/\/www.w3.org\/2000\/svg\" viewBox=\"0 0 30 32\"><path fill=\"#55acee\" d=\"M29.7 6.8q-1.2 1.8-3 3.1 0 0.3 0 0.8 0 2.5-0.7 4.9t-2.2 4.7-3.5 4-4.9 2.8-6.1 1q-5.1 0-9.3-2.7 0.6 0.1 1.5 0.1 4.3 0 7.6-2.6-2-0.1-3.5-1.2t-2.2-3q0.6 0.1 1.1 0.1 0.8 0 1.6-0.2-2.1-0.4-3.5-2.1t-1.4-3.9v-0.1q1.3 0.7 2.8 0.8-1.2-0.8-2-2.2t-0.7-2.9q0-1.7 0.8-3.1 2.3 2.8 5.5 4.5t7 1.9q-0.2-0.7-0.2-1.4 0-2.5 1.8-4.3t4.3-1.8q2.7 0 4.5 1.9 2.1-0.4 3.9-1.5-0.7 2.2-2.7 3.4 1.8-0.2 3.5-0.9z\"\/><\/svg><\/span><span class=\"shariff-text\">twittern<\/span>&nbsp;<span data-service=\"twitter\" style=\"color:#55acee\" class=\"shariff-count shariff-hidezero\"><\/span>&nbsp;<\/a><\/li><li class=\"shariff-button rss shariff-nocustomcolor\" style=\"background-color:#ff8c00\"><a href=\"https:\/\/wolfsmonitor.de\/?feed=rss\" title=\"RSS-feed\" aria-label=\"RSS-feed\" role=\"button\" class=\"shariff-link\" style=\"; background-color:#fe9312; color:#fff\" target=\"_blank\"><span class=\"shariff-icon\" style=\"\"><svg width=\"32px\" height=\"20px\" xmlns=\"http:\/\/www.w3.org\/2000\/svg\" viewBox=\"0 0 32 32\"><path fill=\"#fe9312\" d=\"M4.3 23.5c-2.3 0-4.3 1.9-4.3 4.3 0 2.3 1.9 4.2 4.3 4.2 2.4 0 4.3-1.9 4.3-4.2 0-2.3-1.9-4.3-4.3-4.3zM0 10.9v6.1c4 0 7.7 1.6 10.6 4.4 2.8 2.8 4.4 6.6 4.4 10.6h6.2c0-11.7-9.5-21.1-21.1-21.1zM0 0v6.1c14.2 0 25.8 11.6 25.8 25.9h6.2c0-17.6-14.4-32-32-32z\"\/><\/svg><\/span><span class=\"shariff-text\">RSS-feed<\/span>&nbsp;<\/a><\/li><li class=\"shariff-button mailto shariff-nocustomcolor\" style=\"background-color:#a8a8a8\"><a href=\"mailto:?body=https%3A%2F%2Fwolfsmonitor.de%2F%3Fp%3D8121&subject=Uelzen%3A%20Zerbiss%20tats%C3%A4chlich%20ein%20Wolf%20den%20Elektrozaun%20in%20Ellerndorf%3F\" title=\"Per E-Mail versenden\" aria-label=\"Per E-Mail versenden\" role=\"button\" rel=\"noopener nofollow\" class=\"shariff-link\" style=\"; background-color:#999; color:#fff\"><span class=\"shariff-icon\" style=\"\"><svg width=\"32px\" height=\"20px\" xmlns=\"http:\/\/www.w3.org\/2000\/svg\" viewBox=\"0 0 32 32\"><path fill=\"#999\" d=\"M32 12.7v14.2q0 1.2-0.8 2t-2 0.9h-26.3q-1.2 0-2-0.9t-0.8-2v-14.2q0.8 0.9 1.8 1.6 6.5 4.4 8.9 6.1 1 0.8 1.6 1.2t1.7 0.9 2 0.4h0.1q0.9 0 2-0.4t1.7-0.9 1.6-1.2q3-2.2 8.9-6.1 1-0.7 1.8-1.6zM32 7.4q0 1.4-0.9 2.7t-2.2 2.2q-6.7 4.7-8.4 5.8-0.2 0.1-0.7 0.5t-1 0.7-0.9 0.6-1.1 0.5-0.9 0.2h-0.1q-0.4 0-0.9-0.2t-1.1-0.5-0.9-0.6-1-0.7-0.7-0.5q-1.6-1.1-4.7-3.2t-3.6-2.6q-1.1-0.7-2.1-2t-1-2.5q0-1.4 0.7-2.3t2.1-0.9h26.3q1.2 0 2 0.8t0.9 2z\"\/><\/svg><\/span><span class=\"shariff-text\">E-Mail<\/span>&nbsp;<\/a><\/li><li class=\"shariff-button info shariff-nocustomcolor\" style=\"background-color:#a8a8a8\"><a href=\"http:\/\/ct.de\/-2467514\" title=\"Weitere Informationen\" aria-label=\"Weitere Informationen\" role=\"button\" rel=\"noopener \" class=\"shariff-link\" style=\"; background-color:#999; color:#fff\" target=\"_blank\"><span class=\"shariff-icon\" style=\"\"><svg width=\"32px\" height=\"20px\" xmlns=\"http:\/\/www.w3.org\/2000\/svg\" viewBox=\"0 0 11 32\"><path fill=\"#999\" d=\"M11.4 24v2.3q0 0.5-0.3 0.8t-0.8 0.4h-9.1q-0.5 0-0.8-0.4t-0.4-0.8v-2.3q0-0.5 0.4-0.8t0.8-0.4h1.1v-6.8h-1.1q-0.5 0-0.8-0.4t-0.4-0.8v-2.3q0-0.5 0.4-0.8t0.8-0.4h6.8q0.5 0 0.8 0.4t0.4 0.8v10.3h1.1q0.5 0 0.8 0.4t0.3 0.8zM9.2 3.4v3.4q0 0.5-0.4 0.8t-0.8 0.4h-4.6q-0.4 0-0.8-0.4t-0.4-0.8v-3.4q0-0.4 0.4-0.8t0.8-0.4h4.6q0.5 0 0.8 0.4t0.4 0.8z\"\/><\/svg><\/span><\/a><\/li><\/ul><\/div>","protected":false},"excerpt":{"rendered":"<p>Gestern hie\u00df es auf &#8222;AZ-Online&#8220; noch: \u201eEr kam aus der Dunkelheit, zerbiss die stromf\u00fchrenden Dr\u00e4hte des 90 Zentimeter hohen Weidezauns und fiel \u00fcber drei Ziegen und drei Heidschnuckenl\u00e4mmer her, die auf dem Rheinmetall-Schie\u00dfgel\u00e4nde bei Ellerndorf standen\u201c (*1). Beim NDR klang das zuletzt allerdings etwas anders.<\/p>\n<div class=\"shariff shariff-align-center shariff-widget-align-center\" data-services=\"facebook%7Ctwitter\" data-url=\"https%3A%2F%2Fwolfsmonitor.de%2F%3Fp%3D8121\" data-timestamp=\"1525530388\" data-backendurl=\"?rest_route=\/shariff\/v1\/share_counts&\"><ul class=\"shariff-buttons theme-color orientation-horizontal buttonsize-small\"><li class=\"shariff-button facebook shariff-nocustomcolor\" style=\"background-color:#4273c8\"><a href=\"https:\/\/www.facebook.com\/sharer\/sharer.php?u=https%3A%2F%2Fwolfsmonitor.de%2F%3Fp%3D8121\" title=\"Bei Facebook teilen\" aria-label=\"Bei Facebook teilen\" role=\"button\" rel=\"nofollow\" class=\"shariff-link\" style=\"; background-color:#3b5998; color:#fff\" target=\"_blank\"><span class=\"shariff-icon\" style=\"\"><svg width=\"32px\" height=\"20px\" xmlns=\"http:\/\/www.w3.org\/2000\/svg\" viewBox=\"0 0 18 32\"><path fill=\"#3b5998\" d=\"M17.1 0.2v4.7h-2.8q-1.5 0-2.1 0.6t-0.5 1.9v3.4h5.2l-0.7 5.3h-4.5v13.6h-5.5v-13.6h-4.5v-5.3h4.5v-3.9q0-3.3 1.9-5.2t5-1.8q2.6 0 4.1 0.2z\"\/><\/svg><\/span><span class=\"shariff-text\">teilen<\/span>&nbsp;<span data-service=\"facebook\" style=\"color:#3b5998\" class=\"shariff-count shariff-hidezero\"><\/span>&nbsp;<\/a><\/li><li class=\"shariff-button twitter shariff-nocustomcolor\" style=\"background-color:#32bbf5\"><a href=\"https:\/\/twitter.com\/share?url=https%3A%2F%2Fwolfsmonitor.de%2F%3Fp%3D8121&text=Uelzen%3A%20Zerbiss%20tats%C3%A4chlich%20ein%20Wolf%20den%20Elektrozaun%20in%20Ellerndorf%3F\" title=\"Bei Twitter teilen\" aria-label=\"Bei Twitter teilen\" role=\"button\" rel=\"noopener nofollow\" class=\"shariff-link\" style=\"; background-color:#55acee; color:#fff\" target=\"_blank\"><span class=\"shariff-icon\" style=\"\"><svg width=\"32px\" height=\"20px\" xmlns=\"http:\/\/www.w3.org\/2000\/svg\" viewBox=\"0 0 30 32\"><path fill=\"#55acee\" d=\"M29.7 6.8q-1.2 1.8-3 3.1 0 0.3 0 0.8 0 2.5-0.7 4.9t-2.2 4.7-3.5 4-4.9 2.8-6.1 1q-5.1 0-9.3-2.7 0.6 0.1 1.5 0.1 4.3 0 7.6-2.6-2-0.1-3.5-1.2t-2.2-3q0.6 0.1 1.1 0.1 0.8 0 1.6-0.2-2.1-0.4-3.5-2.1t-1.4-3.9v-0.1q1.3 0.7 2.8 0.8-1.2-0.8-2-2.2t-0.7-2.9q0-1.7 0.8-3.1 2.3 2.8 5.5 4.5t7 1.9q-0.2-0.7-0.2-1.4 0-2.5 1.8-4.3t4.3-1.8q2.7 0 4.5 1.9 2.1-0.4 3.9-1.5-0.7 2.2-2.7 3.4 1.8-0.2 3.5-0.9z\"\/><\/svg><\/span><span class=\"shariff-text\">twittern<\/span>&nbsp;<span data-service=\"twitter\" style=\"color:#55acee\" class=\"shariff-count shariff-hidezero\"><\/span>&nbsp;<\/a><\/li><li class=\"shariff-button rss shariff-nocustomcolor\" style=\"background-color:#ff8c00\"><a href=\"https:\/\/wolfsmonitor.de\/?feed=rss\" title=\"RSS-feed\" aria-label=\"RSS-feed\" role=\"button\" class=\"shariff-link\" style=\"; background-color:#fe9312; color:#fff\" target=\"_blank\"><span class=\"shariff-icon\" style=\"\"><svg width=\"32px\" height=\"20px\" xmlns=\"http:\/\/www.w3.org\/2000\/svg\" viewBox=\"0 0 32 32\"><path fill=\"#fe9312\" d=\"M4.3 23.5c-2.3 0-4.3 1.9-4.3 4.3 0 2.3 1.9 4.2 4.3 4.2 2.4 0 4.3-1.9 4.3-4.2 0-2.3-1.9-4.3-4.3-4.3zM0 10.9v6.1c4 0 7.7 1.6 10.6 4.4 2.8 2.8 4.4 6.6 4.4 10.6h6.2c0-11.7-9.5-21.1-21.1-21.1zM0 0v6.1c14.2 0 25.8 11.6 25.8 25.9h6.2c0-17.6-14.4-32-32-32z\"\/><\/svg><\/span><span class=\"shariff-text\">RSS-feed<\/span>&nbsp;<\/a><\/li><li class=\"shariff-button mailto shariff-nocustomcolor\" style=\"background-color:#a8a8a8\"><a href=\"mailto:?body=https%3A%2F%2Fwolfsmonitor.de%2F%3Fp%3D8121&subject=Uelzen%3A%20Zerbiss%20tats%C3%A4chlich%20ein%20Wolf%20den%20Elektrozaun%20in%20Ellerndorf%3F\" title=\"Per E-Mail versenden\" aria-label=\"Per E-Mail versenden\" role=\"button\" rel=\"noopener nofollow\" class=\"shariff-link\" style=\"; background-color:#999; color:#fff\"><span class=\"shariff-icon\" style=\"\"><svg width=\"32px\" height=\"20px\" xmlns=\"http:\/\/www.w3.org\/2000\/svg\" viewBox=\"0 0 32 32\"><path fill=\"#999\" d=\"M32 12.7v14.2q0 1.2-0.8 2t-2 0.9h-26.3q-1.2 0-2-0.9t-0.8-2v-14.2q0.8 0.9 1.8 1.6 6.5 4.4 8.9 6.1 1 0.8 1.6 1.2t1.7 0.9 2 0.4h0.1q0.9 0 2-0.4t1.7-0.9 1.6-1.2q3-2.2 8.9-6.1 1-0.7 1.8-1.6zM32 7.4q0 1.4-0.9 2.7t-2.2 2.2q-6.7 4.7-8.4 5.8-0.2 0.1-0.7 0.5t-1 0.7-0.9 0.6-1.1 0.5-0.9 0.2h-0.1q-0.4 0-0.9-0.2t-1.1-0.5-0.9-0.6-1-0.7-0.7-0.5q-1.6-1.1-4.7-3.2t-3.6-2.6q-1.1-0.7-2.1-2t-1-2.5q0-1.4 0.7-2.3t2.1-0.9h26.3q1.2 0 2 0.8t0.9 2z\"\/><\/svg><\/span><span class=\"shariff-text\">E-Mail<\/span>&nbsp;<\/a><\/li><li class=\"shariff-button info shariff-nocustomcolor\" style=\"background-color:#a8a8a8\"><a href=\"http:\/\/ct.de\/-2467514\" title=\"Weitere Informationen\" aria-label=\"Weitere Informationen\" role=\"button\" rel=\"noopener \" class=\"shariff-link\" style=\"; background-color:#999; color:#fff\" target=\"_blank\"><span class=\"shariff-icon\" style=\"\"><svg width=\"32px\" height=\"20px\" xmlns=\"http:\/\/www.w3.org\/2000\/svg\" viewBox=\"0 0 11 32\"><path fill=\"#999\" d=\"M11.4 24v2.3q0 0.5-0.3 0.8t-0.8 0.4h-9.1q-0.5 0-0.8-0.4t-0.4-0.8v-2.3q0-0.5 0.4-0.8t0.8-0.4h1.1v-6.8h-1.1q-0.5 0-0.8-0.4t-0.4-0.8v-2.3q0-0.5 0.4-0.8t0.8-0.4h6.8q0.5 0 0.8 0.4t0.4 0.8v10.3h1.1q0.5 0 0.8 0.4t0.3 0.8zM9.2 3.4v3.4q0 0.5-0.4 0.8t-0.8 0.4h-4.6q-0.4 0-0.8-0.4t-0.4-0.8v-3.4q0-0.4 0.4-0.8t0.8-0.4h4.6q0.5 0 0.8 0.4t0.4 0.8z\"\/><\/svg><\/span><\/a><\/li><\/ul><\/div>","protected":false},"author":1,"featured_media":3493,"comment_status":"closed","ping_status":"open","sticky":false,"template":"","format":"standard","meta":{"spay_email":""},"categories":[2355,126],"tags":[5622,176,4730,378,5623,245,265,958,5624,4729,1602,582,43,105,1603],"jetpack_featured_media_url":"https:\/\/i1.wp.com\/wolfsmonitor.de\/wp-content\/uploads\/2016\/05\/Beitragsfoto-Heiko-Anders-Aktuell.jpg?fit=654%2C492&ssl=1","jetpack_shortlink":"https:\/\/wp.me\/p61YbU-26Z","jetpack-related-posts":[{"id":8112,"url":"https:\/\/wolfsmonitor.de\/?p=8112","url_meta":{"origin":8121,"position":0},"title":"Bisher einmalig: Wolf soll stromf\u00fchrenden Zaun durchbissen haben","date":"18. M\u00e4rz 2017","format":false,"excerpt":"Ich kann mir gut vorstellen, dass es Ihnen \u00e4hnlich geht wie mir, liebe Leserinnen und Leser, wenn Sie nun lesen, dass ein Wolf einen stromf\u00fchrenden Elektrozaun zerbissen haben soll, um danach auf einer Weide auf dem Rheinmetall-Gel\u00e4nde bei Ellerndorf drei Ziegen und drei Schnuckenl\u00e4mmer zu t\u00f6ten. Das klingt nicht nur\u2026","rel":"","context":"In &quot;Aufgelesen&quot;","img":{"alt_text":"Foto: Wildtierfotograf Heiko Anders","src":"https:\/\/i2.wp.com\/wolfsmonitor.de\/wp-content\/uploads\/2016\/05\/HA-Beitragsfoto-Aufgelesen-2.jpg?fit=625%2C469&ssl=1&resize=350%2C200","width":350,"height":200},"classes":[]},{"id":1965,"url":"https:\/\/wolfsmonitor.de\/?p=1965","url_meta":{"origin":8121,"position":1},"title":"W\u00f6lfe auf der Pferd & Jagd 2015","date":"7. Dezember 2015","format":false,"excerpt":"Auf der diesj\u00e4hrigen Messe \u201ePferd & Jagd\u201c, die nach eigenen Angaben gr\u00f6\u00dfte Messe dieser Art in Europa, war die R\u00fcckkehr der W\u00f6lfe ein Fokusthema. An zwei Messetagen stellte Wiebke Wendorff ihre k\u00fcrzlich erschienene Bestandsaufnahme \u201ePferd und Wolf \u2013 Alte Bekannte \u2013 neue Gefahr?\u201c (*1) vor. Am Samstag und Sonntag pr\u00e4sentierte\u2026","rel":"","context":"In &quot;Mittendrin&quot;","img":{"alt_text":"","src":"https:\/\/i2.wp.com\/wolfsmonitor.de\/wp-content\/uploads\/2015\/12\/Beitragslogo-PJ-2015.jpg?fit=713%2C515&ssl=1&resize=350%2C200","width":350,"height":200},"classes":[]},{"id":2935,"url":"https:\/\/wolfsmonitor.de\/?p=2935","url_meta":{"origin":8121,"position":2},"title":"Neues von \"Kurti\"!?","date":"30. M\u00e4rz 2016","format":false,"excerpt":"Auf dem Wolfsportal des Nieders\u00e4chsischen Umweltministeriums ist seit gestern zu lesen (im Wortlaut): \"Monitoring best\u00e4tigt: Besenderter R\u00fcde aus dem Munsteraner Rudel (MT6) war mit Schwester unterwegs \u2013 besenderte F\u00e4he aus demselben Rudel bisher unauff\u00e4llig Das Monitoring zum besenderten Wolf aus dem Munsteraner Rudel (MT6) hat anhand einer DNA-Probe ergeben, dass\u2026","rel":"","context":"In &quot;Aufgelesen&quot;","img":{"alt_text":"Wolf im Tierpark Nordhorn","src":"https:\/\/i1.wp.com\/wolfsmonitor.de\/wp-content\/uploads\/2015\/09\/Beitragsfoto-Aufgelesen-2.te-Fassung.jpg?fit=581%2C520&ssl=1&resize=350%2C200","width":350,"height":200},"classes":[]},{"id":3882,"url":"https:\/\/wolfsmonitor.de\/?p=3882","url_meta":{"origin":8121,"position":3},"title":"Kognitive Kapitulation","date":"11. Juni 2016","format":false,"excerpt":"Der in Fachkreisen hoch angesehene Wolfsexperte Ulrich Wotschikowsky nannte die Vorg\u00e4nge um den im Mai eingeschl\u00e4ferten Wolf aus dem Landkreis Uelzen eine \u201ePervertierung des Artenschutzes\u201c und empfahl dem nieders\u00e4chsischen Umweltministerium, einem eigenen Verhaltenskodex unbedingte Priorit\u00e4t vor einem Verhaltenskodex f\u00fcr Wolfsberater einzur\u00e4umen. Als w\u00e4ren diese Worte ungeh\u00f6rt verhallt, legt die zust\u00e4ndige\u2026","rel":"","context":"In &quot;Gastkolumne&quot;","img":{"alt_text":"Kolumnist Klaus Bullerjahn (Foto: privat)","src":"https:\/\/i0.wp.com\/wolfsmonitor.de\/wp-content\/uploads\/2016\/03\/Kolumnenbild-K.Bullerjahn.jpg?fit=768%2C523&ssl=1&resize=350%2C200","width":350,"height":200},"classes":[]},{"id":16416,"url":"https:\/\/wolfsmonitor.de\/?p=16416","url_meta":{"origin":8121,"position":4},"title":"Offener Brief an Olaf Lies: Wolfsberater beklagen Intransparenz der Genehmigung zum Abschuss eines Wolfs","date":"2. Februar 2019","format":false,"excerpt":"Mehr als ein Dutzend Wolfsberater aus Niedersachsen haben sich nun anl\u00e4sslich der Abschussgenehmigung f\u00fcr Wolf \u201eGW717m\u201c an Umweltminister Olaf Lies gewandt. Sie beklagen die Intransparenz der Genehmigungsgr\u00fcnde und formulierten deshalb gezielt einige offene Fragen an den Minister (der Brief im Wortlaut): Offener Brief an den Umweltminister Niedersachsens wegen der Abschussgenehmigung\u2026","rel":"","context":"In &quot;Expertenmeinung&quot;","img":{"alt_text":"","src":"https:\/\/i1.wp.com\/wolfsmonitor.de\/wp-content\/uploads\/2016\/01\/Beitragsfoto-2-Expertenmeinung.jpg?fit=500%2C478&ssl=1&resize=350%2C200","width":350,"height":200},"classes":[]},{"id":6316,"url":"https:\/\/wolfsmonitor.de\/?p=6316","url_meta":{"origin":8121,"position":5},"title":"Wolfsmonitor-Nachrichten, 30.11.2016","date":"30. November 2016","format":false,"excerpt":"Es muss schon ein gro\u00dfes Tier gewesen sein, das am vergangenen Wochenende zwei zirka 45 Kilo schwere L\u00e4mmer bei S\u00fcdergellersen get\u00f6tet und weitgehend aufgefressen hat. Wolfsberater Uwe Martens denkt, der anwesende Schutz-Esel habe Schlimmeres verhindert\u2026 Weiterlesen \u2026 (*1) In einem Interview mit der S\u00e4chsischen Zeitung stellte Umweltminister Thomas Schmidt (CDU)\u2026","rel":"","context":"In &quot;Nachrichten&quot;","img":{"alt_text":"","src":"https:\/\/i0.wp.com\/wolfsmonitor.de\/wp-content\/uploads\/2016\/11\/B-Foto-H.A.-Nachrichten-2.jpg?fit=767%2C574&ssl=1&resize=350%2C200","width":350,"height":200},"classes":[]}],"_links":{"self":[{"href":"https:\/\/wolfsmonitor.de\/index.php?rest_route=\/wp\/v2\/posts\/8121"}],"collection":[{"href":"https:\/\/wolfsmonitor.de\/index.php?rest_route=\/wp\/v2\/posts"}],"about":[{"href":"https:\/\/wolfsmonitor.de\/index.php?rest_route=\/wp\/v2\/types\/post"}],"author":[{"embeddable":true,"href":"https:\/\/wolfsmonitor.de\/index.php?rest_route=\/wp\/v2\/users\/1"}],"replies":[{"embeddable":true,"href":"https:\/\/wolfsmonitor.de\/index.php?rest_route=%2Fwp%2Fv2%2Fcomments&post=8121"}],"version-history":[{"count":9,"href":"https:\/\/wolfsmonitor.de\/index.php?rest_route=\/wp\/v2\/posts\/8121\/revisions"}],"predecessor-version":[{"id":8130,"href":"https:\/\/wolfsmonitor.de\/index.php?rest_route=\/wp\/v2\/posts\/8121\/revisions\/8130"}],"wp:featuredmedia":[{"embeddable":true,"href":"https:\/\/wolfsmonitor.de\/index.php?rest_route=\/wp\/v2\/media\/3493"}],"wp:attachment":[{"href":"https:\/\/wolfsmonitor.de\/index.php?rest_route=%2Fwp%2Fv2%2Fmedia&parent=8121"}],"wp:term":[{"taxonomy":"category","embeddable":true,"href":"https:\/\/wolfsmonitor.de\/index.php?rest_route=%2Fwp%2Fv2%2Fcategories&post=8121"},{"taxonomy":"post_tag","embeddable":true,"href":"https:\/\/wolfsmonitor.de\/index.php?rest_route=%2Fwp%2Fv2%2Ftags&post=8121"}],"curies":[{"name":"wp","href":"https:\/\/api.w.org\/{rel}","templated":true}]}}