{"id":8562,"date":"2017-04-23T12:24:13","date_gmt":"2017-04-23T10:24:13","guid":{"rendered":"http:\/\/wolfsmonitor.de\/?p=8562"},"modified":"2018-05-05T14:26:05","modified_gmt":"2018-05-05T12:26:05","slug":"schuetzen-oder-schiessen-wolfsexpertin-widerspricht-bautzens-landrat","status":"publish","type":"post","link":"https:\/\/wolfsmonitor.de\/?p=8562","title":{"rendered":"Sch\u00fctzen oder schie\u00dfen? &#8211; Wolfsexpertin widerspricht Bautzens Landrat"},"content":{"rendered":"<p><strong>Jana Ulbrich von der S\u00e4chsischen Zeitung glaubt, dass die Debatte darum, ob der Wolf seinen strengen Artenschutz noch zu Recht genie\u00dft, die Meinungen spalte wie kaum eine andere.\u00a0<\/strong><!--more--><\/p>\n<p>Wolfsmonitor vermutet allerdings, dass es sich dabei um die falsche Fragestellung handeln k\u00f6nnte. Sie impliziert n\u00e4mlich unausgesprochen, dass nach der Aufweichung des Schutzstatus der W\u00f6lfe eine wie auch immer geartete Form der \u201eanthropogen Regulierung\u201c folgt. Doch die ist offenbar sowohl aus \u00f6kologischer als auch aus biologischer Sicht unn\u00f6tig.<\/p>\n<p>Genau das erkl\u00e4rt Jana Endel vom Kontaktb\u00fcro \u201eW\u00f6lfe in Sachsen\u201c im nachfolgend verlinkten SZ-Online-Beitrag mit ihren Worten:<\/p>\n<p><strong>\u2026 <em>\u201eDurch die Lebensweise des Wolfes, der im famili\u00e4ren Gef\u00fcge eines Rudels in einem bestimmten Territorium bleibt, sei der Anzahl der W\u00f6lfe in einem Gebiet stets eine nat\u00fcrliche Grenze gesetzt.\u201c<\/em><\/strong><\/p>\n<p>Ihnen, liebe Leserinnen und Leser, erm\u00f6glicht die nachfolgend verlinkte Pro- und Kontra- Gegen\u00fcberstellung, selbst zu entscheiden welche Argumentationslinie Ihnen pers\u00f6nlich eher zusagt: Die des interessengeleiteten Politikers oder die der langj\u00e4hrigen Leiterin eines Wolfsb\u00fcros.<\/p>\n<p>Um zum entsprechenden Beitrag zu gelangen, nutzen Sie bitte<span style=\"color: #0000ff;\"> <a style=\"color: #0000ff;\" href=\"http:\/\/www.sz-online.de\/sachsen\/schiessen-oder-schuetzen-3665329.html\" target=\"_blank\">diesen Link!<\/a><\/span><\/p>\n<hr \/>\n<p><em><u>Quelle:<\/u> S\u00e4chsische Zeitung \u2013 SZ-Online.de, Beitrag \u00a0von Jana Ulbrich am 22.04.2017: \u201eSchie\u00dfen oder sch\u00fctzen?\u201c, abgerufen am 22.4.2017<\/em><\/p>\n<hr \/>\n<p><em><span style=\"text-decoration: underline;\">Beitragsfoto:<\/span> Heiko Anders, <span style=\"color: #0000ff;\"><a style=\"color: #0000ff;\" href=\"http:\/\/www.andersfotografiert.com\" target=\"_blank\">www.andersfotografiert.com<\/a><\/span><\/em><\/p>\n<p><em>(<span style=\"text-decoration: underline;\">Anmerkung:<\/span> F\u00fcr die Richtigkeit der Angaben und Inhalte der verlinkten Webseiten wird keinerlei Gew\u00e4hr \u00fcbernommen)<\/em><\/p>\n<p>&nbsp;<\/p>\n<div class=\"shariff shariff-align-center shariff-widget-align-center\" data-services=\"facebook%7Ctwitter\" data-url=\"https%3A%2F%2Fwolfsmonitor.de%2F%3Fp%3D8562\" data-timestamp=\"1525530365\" data-backendurl=\"?rest_route=\/shariff\/v1\/share_counts&\"><ul class=\"shariff-buttons theme-color orientation-horizontal buttonsize-small\"><li class=\"shariff-button facebook shariff-nocustomcolor\" style=\"background-color:#4273c8\"><a href=\"https:\/\/www.facebook.com\/sharer\/sharer.php?u=https%3A%2F%2Fwolfsmonitor.de%2F%3Fp%3D8562\" title=\"Bei Facebook teilen\" aria-label=\"Bei Facebook teilen\" role=\"button\" rel=\"nofollow\" class=\"shariff-link\" style=\"; background-color:#3b5998; color:#fff\" target=\"_blank\"><span class=\"shariff-icon\" style=\"\"><svg width=\"32px\" height=\"20px\" xmlns=\"http:\/\/www.w3.org\/2000\/svg\" viewBox=\"0 0 18 32\"><path fill=\"#3b5998\" d=\"M17.1 0.2v4.7h-2.8q-1.5 0-2.1 0.6t-0.5 1.9v3.4h5.2l-0.7 5.3h-4.5v13.6h-5.5v-13.6h-4.5v-5.3h4.5v-3.9q0-3.3 1.9-5.2t5-1.8q2.6 0 4.1 0.2z\"\/><\/svg><\/span><span class=\"shariff-text\">teilen<\/span>&nbsp;<span data-service=\"facebook\" style=\"color:#3b5998\" class=\"shariff-count shariff-hidezero\"><\/span>&nbsp;<\/a><\/li><li class=\"shariff-button twitter shariff-nocustomcolor\" style=\"background-color:#32bbf5\"><a href=\"https:\/\/twitter.com\/share?url=https%3A%2F%2Fwolfsmonitor.de%2F%3Fp%3D8562&text=Sch%C3%BCtzen%20oder%20schie%C3%9Fen%3F%20%E2%80%93%20Wolfsexpertin%20widerspricht%20Bautzens%20Landrat\" title=\"Bei Twitter teilen\" aria-label=\"Bei Twitter teilen\" role=\"button\" rel=\"noopener nofollow\" class=\"shariff-link\" style=\"; background-color:#55acee; color:#fff\" target=\"_blank\"><span class=\"shariff-icon\" style=\"\"><svg width=\"32px\" height=\"20px\" xmlns=\"http:\/\/www.w3.org\/2000\/svg\" viewBox=\"0 0 30 32\"><path fill=\"#55acee\" d=\"M29.7 6.8q-1.2 1.8-3 3.1 0 0.3 0 0.8 0 2.5-0.7 4.9t-2.2 4.7-3.5 4-4.9 2.8-6.1 1q-5.1 0-9.3-2.7 0.6 0.1 1.5 0.1 4.3 0 7.6-2.6-2-0.1-3.5-1.2t-2.2-3q0.6 0.1 1.1 0.1 0.8 0 1.6-0.2-2.1-0.4-3.5-2.1t-1.4-3.9v-0.1q1.3 0.7 2.8 0.8-1.2-0.8-2-2.2t-0.7-2.9q0-1.7 0.8-3.1 2.3 2.8 5.5 4.5t7 1.9q-0.2-0.7-0.2-1.4 0-2.5 1.8-4.3t4.3-1.8q2.7 0 4.5 1.9 2.1-0.4 3.9-1.5-0.7 2.2-2.7 3.4 1.8-0.2 3.5-0.9z\"\/><\/svg><\/span><span class=\"shariff-text\">twittern<\/span>&nbsp;<span data-service=\"twitter\" style=\"color:#55acee\" class=\"shariff-count shariff-hidezero\"><\/span>&nbsp;<\/a><\/li><li class=\"shariff-button rss shariff-nocustomcolor\" style=\"background-color:#ff8c00\"><a href=\"https:\/\/wolfsmonitor.de\/?feed=rss\" title=\"RSS-feed\" aria-label=\"RSS-feed\" role=\"button\" class=\"shariff-link\" style=\"; background-color:#fe9312; color:#fff\" target=\"_blank\"><span class=\"shariff-icon\" style=\"\"><svg width=\"32px\" height=\"20px\" xmlns=\"http:\/\/www.w3.org\/2000\/svg\" viewBox=\"0 0 32 32\"><path fill=\"#fe9312\" d=\"M4.3 23.5c-2.3 0-4.3 1.9-4.3 4.3 0 2.3 1.9 4.2 4.3 4.2 2.4 0 4.3-1.9 4.3-4.2 0-2.3-1.9-4.3-4.3-4.3zM0 10.9v6.1c4 0 7.7 1.6 10.6 4.4 2.8 2.8 4.4 6.6 4.4 10.6h6.2c0-11.7-9.5-21.1-21.1-21.1zM0 0v6.1c14.2 0 25.8 11.6 25.8 25.9h6.2c0-17.6-14.4-32-32-32z\"\/><\/svg><\/span><span class=\"shariff-text\">RSS-feed<\/span>&nbsp;<\/a><\/li><li class=\"shariff-button mailto shariff-nocustomcolor\" style=\"background-color:#a8a8a8\"><a href=\"mailto:?body=https%3A%2F%2Fwolfsmonitor.de%2F%3Fp%3D8562&subject=Sch%C3%BCtzen%20oder%20schie%C3%9Fen%3F%20%E2%80%93%20Wolfsexpertin%20widerspricht%20Bautzens%20Landrat\" title=\"Per E-Mail versenden\" aria-label=\"Per E-Mail versenden\" role=\"button\" rel=\"noopener nofollow\" class=\"shariff-link\" style=\"; background-color:#999; color:#fff\"><span class=\"shariff-icon\" style=\"\"><svg width=\"32px\" height=\"20px\" xmlns=\"http:\/\/www.w3.org\/2000\/svg\" viewBox=\"0 0 32 32\"><path fill=\"#999\" d=\"M32 12.7v14.2q0 1.2-0.8 2t-2 0.9h-26.3q-1.2 0-2-0.9t-0.8-2v-14.2q0.8 0.9 1.8 1.6 6.5 4.4 8.9 6.1 1 0.8 1.6 1.2t1.7 0.9 2 0.4h0.1q0.9 0 2-0.4t1.7-0.9 1.6-1.2q3-2.2 8.9-6.1 1-0.7 1.8-1.6zM32 7.4q0 1.4-0.9 2.7t-2.2 2.2q-6.7 4.7-8.4 5.8-0.2 0.1-0.7 0.5t-1 0.7-0.9 0.6-1.1 0.5-0.9 0.2h-0.1q-0.4 0-0.9-0.2t-1.1-0.5-0.9-0.6-1-0.7-0.7-0.5q-1.6-1.1-4.7-3.2t-3.6-2.6q-1.1-0.7-2.1-2t-1-2.5q0-1.4 0.7-2.3t2.1-0.9h26.3q1.2 0 2 0.8t0.9 2z\"\/><\/svg><\/span><span class=\"shariff-text\">E-Mail<\/span>&nbsp;<\/a><\/li><li class=\"shariff-button info shariff-nocustomcolor\" style=\"background-color:#a8a8a8\"><a href=\"http:\/\/ct.de\/-2467514\" title=\"Weitere Informationen\" aria-label=\"Weitere Informationen\" role=\"button\" rel=\"noopener \" class=\"shariff-link\" style=\"; background-color:#999; color:#fff\" target=\"_blank\"><span class=\"shariff-icon\" style=\"\"><svg width=\"32px\" height=\"20px\" xmlns=\"http:\/\/www.w3.org\/2000\/svg\" viewBox=\"0 0 11 32\"><path fill=\"#999\" d=\"M11.4 24v2.3q0 0.5-0.3 0.8t-0.8 0.4h-9.1q-0.5 0-0.8-0.4t-0.4-0.8v-2.3q0-0.5 0.4-0.8t0.8-0.4h1.1v-6.8h-1.1q-0.5 0-0.8-0.4t-0.4-0.8v-2.3q0-0.5 0.4-0.8t0.8-0.4h6.8q0.5 0 0.8 0.4t0.4 0.8v10.3h1.1q0.5 0 0.8 0.4t0.3 0.8zM9.2 3.4v3.4q0 0.5-0.4 0.8t-0.8 0.4h-4.6q-0.4 0-0.8-0.4t-0.4-0.8v-3.4q0-0.4 0.4-0.8t0.8-0.4h4.6q0.5 0 0.8 0.4t0.4 0.8z\"\/><\/svg><\/span><\/a><\/li><\/ul><\/div>","protected":false},"excerpt":{"rendered":"<p>Jana Ulbrich von der S\u00e4chsischen Zeitung glaubt, dass die Debatte darum, ob der Wolf seinen strengen Artenschutz noch zu Recht genie\u00dft, die Meinungen spalte wie kaum eine andere.\u00a0<\/p>\n<div class=\"shariff shariff-align-center shariff-widget-align-center\" data-services=\"facebook%7Ctwitter\" data-url=\"https%3A%2F%2Fwolfsmonitor.de%2F%3Fp%3D8562\" data-timestamp=\"1525530365\" data-backendurl=\"?rest_route=\/shariff\/v1\/share_counts&\"><ul class=\"shariff-buttons theme-color orientation-horizontal buttonsize-small\"><li class=\"shariff-button facebook shariff-nocustomcolor\" style=\"background-color:#4273c8\"><a href=\"https:\/\/www.facebook.com\/sharer\/sharer.php?u=https%3A%2F%2Fwolfsmonitor.de%2F%3Fp%3D8562\" title=\"Bei Facebook teilen\" aria-label=\"Bei Facebook teilen\" role=\"button\" rel=\"nofollow\" class=\"shariff-link\" style=\"; background-color:#3b5998; color:#fff\" target=\"_blank\"><span class=\"shariff-icon\" style=\"\"><svg width=\"32px\" height=\"20px\" xmlns=\"http:\/\/www.w3.org\/2000\/svg\" viewBox=\"0 0 18 32\"><path fill=\"#3b5998\" d=\"M17.1 0.2v4.7h-2.8q-1.5 0-2.1 0.6t-0.5 1.9v3.4h5.2l-0.7 5.3h-4.5v13.6h-5.5v-13.6h-4.5v-5.3h4.5v-3.9q0-3.3 1.9-5.2t5-1.8q2.6 0 4.1 0.2z\"\/><\/svg><\/span><span class=\"shariff-text\">teilen<\/span>&nbsp;<span data-service=\"facebook\" style=\"color:#3b5998\" class=\"shariff-count shariff-hidezero\"><\/span>&nbsp;<\/a><\/li><li class=\"shariff-button twitter shariff-nocustomcolor\" style=\"background-color:#32bbf5\"><a href=\"https:\/\/twitter.com\/share?url=https%3A%2F%2Fwolfsmonitor.de%2F%3Fp%3D8562&text=Sch%C3%BCtzen%20oder%20schie%C3%9Fen%3F%20%E2%80%93%20Wolfsexpertin%20widerspricht%20Bautzens%20Landrat\" title=\"Bei Twitter teilen\" aria-label=\"Bei Twitter teilen\" role=\"button\" rel=\"noopener nofollow\" class=\"shariff-link\" style=\"; background-color:#55acee; color:#fff\" target=\"_blank\"><span class=\"shariff-icon\" style=\"\"><svg width=\"32px\" height=\"20px\" xmlns=\"http:\/\/www.w3.org\/2000\/svg\" viewBox=\"0 0 30 32\"><path fill=\"#55acee\" d=\"M29.7 6.8q-1.2 1.8-3 3.1 0 0.3 0 0.8 0 2.5-0.7 4.9t-2.2 4.7-3.5 4-4.9 2.8-6.1 1q-5.1 0-9.3-2.7 0.6 0.1 1.5 0.1 4.3 0 7.6-2.6-2-0.1-3.5-1.2t-2.2-3q0.6 0.1 1.1 0.1 0.8 0 1.6-0.2-2.1-0.4-3.5-2.1t-1.4-3.9v-0.1q1.3 0.7 2.8 0.8-1.2-0.8-2-2.2t-0.7-2.9q0-1.7 0.8-3.1 2.3 2.8 5.5 4.5t7 1.9q-0.2-0.7-0.2-1.4 0-2.5 1.8-4.3t4.3-1.8q2.7 0 4.5 1.9 2.1-0.4 3.9-1.5-0.7 2.2-2.7 3.4 1.8-0.2 3.5-0.9z\"\/><\/svg><\/span><span class=\"shariff-text\">twittern<\/span>&nbsp;<span data-service=\"twitter\" style=\"color:#55acee\" class=\"shariff-count shariff-hidezero\"><\/span>&nbsp;<\/a><\/li><li class=\"shariff-button rss shariff-nocustomcolor\" style=\"background-color:#ff8c00\"><a href=\"https:\/\/wolfsmonitor.de\/?feed=rss\" title=\"RSS-feed\" aria-label=\"RSS-feed\" role=\"button\" class=\"shariff-link\" style=\"; background-color:#fe9312; color:#fff\" target=\"_blank\"><span class=\"shariff-icon\" style=\"\"><svg width=\"32px\" height=\"20px\" xmlns=\"http:\/\/www.w3.org\/2000\/svg\" viewBox=\"0 0 32 32\"><path fill=\"#fe9312\" d=\"M4.3 23.5c-2.3 0-4.3 1.9-4.3 4.3 0 2.3 1.9 4.2 4.3 4.2 2.4 0 4.3-1.9 4.3-4.2 0-2.3-1.9-4.3-4.3-4.3zM0 10.9v6.1c4 0 7.7 1.6 10.6 4.4 2.8 2.8 4.4 6.6 4.4 10.6h6.2c0-11.7-9.5-21.1-21.1-21.1zM0 0v6.1c14.2 0 25.8 11.6 25.8 25.9h6.2c0-17.6-14.4-32-32-32z\"\/><\/svg><\/span><span class=\"shariff-text\">RSS-feed<\/span>&nbsp;<\/a><\/li><li class=\"shariff-button mailto shariff-nocustomcolor\" style=\"background-color:#a8a8a8\"><a href=\"mailto:?body=https%3A%2F%2Fwolfsmonitor.de%2F%3Fp%3D8562&subject=Sch%C3%BCtzen%20oder%20schie%C3%9Fen%3F%20%E2%80%93%20Wolfsexpertin%20widerspricht%20Bautzens%20Landrat\" title=\"Per E-Mail versenden\" aria-label=\"Per E-Mail versenden\" role=\"button\" rel=\"noopener nofollow\" class=\"shariff-link\" style=\"; background-color:#999; color:#fff\"><span class=\"shariff-icon\" style=\"\"><svg width=\"32px\" height=\"20px\" xmlns=\"http:\/\/www.w3.org\/2000\/svg\" viewBox=\"0 0 32 32\"><path fill=\"#999\" d=\"M32 12.7v14.2q0 1.2-0.8 2t-2 0.9h-26.3q-1.2 0-2-0.9t-0.8-2v-14.2q0.8 0.9 1.8 1.6 6.5 4.4 8.9 6.1 1 0.8 1.6 1.2t1.7 0.9 2 0.4h0.1q0.9 0 2-0.4t1.7-0.9 1.6-1.2q3-2.2 8.9-6.1 1-0.7 1.8-1.6zM32 7.4q0 1.4-0.9 2.7t-2.2 2.2q-6.7 4.7-8.4 5.8-0.2 0.1-0.7 0.5t-1 0.7-0.9 0.6-1.1 0.5-0.9 0.2h-0.1q-0.4 0-0.9-0.2t-1.1-0.5-0.9-0.6-1-0.7-0.7-0.5q-1.6-1.1-4.7-3.2t-3.6-2.6q-1.1-0.7-2.1-2t-1-2.5q0-1.4 0.7-2.3t2.1-0.9h26.3q1.2 0 2 0.8t0.9 2z\"\/><\/svg><\/span><span class=\"shariff-text\">E-Mail<\/span>&nbsp;<\/a><\/li><li class=\"shariff-button info shariff-nocustomcolor\" style=\"background-color:#a8a8a8\"><a href=\"http:\/\/ct.de\/-2467514\" title=\"Weitere Informationen\" aria-label=\"Weitere Informationen\" role=\"button\" rel=\"noopener \" class=\"shariff-link\" style=\"; background-color:#999; color:#fff\" target=\"_blank\"><span class=\"shariff-icon\" style=\"\"><svg width=\"32px\" height=\"20px\" xmlns=\"http:\/\/www.w3.org\/2000\/svg\" viewBox=\"0 0 11 32\"><path fill=\"#999\" d=\"M11.4 24v2.3q0 0.5-0.3 0.8t-0.8 0.4h-9.1q-0.5 0-0.8-0.4t-0.4-0.8v-2.3q0-0.5 0.4-0.8t0.8-0.4h1.1v-6.8h-1.1q-0.5 0-0.8-0.4t-0.4-0.8v-2.3q0-0.5 0.4-0.8t0.8-0.4h6.8q0.5 0 0.8 0.4t0.4 0.8v10.3h1.1q0.5 0 0.8 0.4t0.3 0.8zM9.2 3.4v3.4q0 0.5-0.4 0.8t-0.8 0.4h-4.6q-0.4 0-0.8-0.4t-0.4-0.8v-3.4q0-0.4 0.4-0.8t0.8-0.4h4.6q0.5 0 0.8 0.4t0.4 0.8z\"\/><\/svg><\/span><\/a><\/li><\/ul><\/div>","protected":false},"author":1,"featured_media":3513,"comment_status":"closed","ping_status":"open","sticky":false,"template":"","format":"standard","meta":{"spay_email":""},"categories":[126],"tags":[4314,5785,4944,4553,5218,4269,4270,494,43,105],"jetpack_featured_media_url":"https:\/\/i2.wp.com\/wolfsmonitor.de\/wp-content\/uploads\/2016\/05\/HA-Beitragsfoto-Aufgelesen-2.jpg?fit=625%2C469&ssl=1","jetpack_shortlink":"https:\/\/wp.me\/p61YbU-2e6","jetpack-related-posts":[{"id":12066,"url":"https:\/\/wolfsmonitor.de\/?p=12066","url_meta":{"origin":8562,"position":0},"title":"Sachsen: \"Warum wir W\u00f6lfe (nicht) brauchen\"...","date":"8. Januar 2018","format":false,"excerpt":"In journalistischer Pro- und Contra- Manier wurde vergangene Woche in der S\u00e4chsischen Zeitung gleich \u00fcber mehrere Tage und Artikel hinweg die Frage diskutiert, ob W\u00f6lfe eigentlich \u201egebraucht\u201c werden oder auch nicht. Der bekannte Lausitzer Biologe und Naturfilmer Sebastian Koerner vertrat in einem Interview \u00fcberzeugend die Ansicht \u201ewir brauchen die W\u00f6lfe\u201c,\u2026","rel":"","context":"In &quot;Standpunkte&quot;","img":{"alt_text":"Wolf im Tierpark Nordhorn","src":"https:\/\/i1.wp.com\/wolfsmonitor.de\/wp-content\/uploads\/2015\/04\/WM-Kommentar.jpg?fit=512%2C442&ssl=1&resize=350%2C200","width":350,"height":200},"classes":[]},{"id":10335,"url":"https:\/\/wolfsmonitor.de\/?p=10335","url_meta":{"origin":8562,"position":1},"title":"D\u00e9j\u00e0 Vu in Sachsen","date":"9. September 2017","format":false,"excerpt":"Vermutlich w\u00fcrde man ihn ohne Wolfsthema au\u00dferhalb seines Landkreises kaum wahrnehmen. Die Rede ist vom s\u00e4chsischen Landrat Michael Harig (CDU), der nun bereits zum zweiten Mal innerhalb eines Jahres die Entnahme (den Abschuss) von W\u00f6lfen des Rosenthaler Wolfsrudels offiziell beantragte. Dies sei \u2013 so zitiert ihn die SZ-Online \u2013 \u201ekein\u2026","rel":"","context":"In &quot;Aktuell&quot;","img":{"alt_text":"Wolf (Foto: Naturfotograf Heiko Anders)","src":"https:\/\/i1.wp.com\/wolfsmonitor.de\/wp-content\/uploads\/2016\/05\/Beitragsfoto-Heiko-Anders-Aktuell.jpg?fit=654%2C492&ssl=1&resize=350%2C200","width":350,"height":200},"classes":[]},{"id":14264,"url":"https:\/\/wolfsmonitor.de\/?p=14264","url_meta":{"origin":8562,"position":2},"title":"Fragw\u00fcrdiger \"F\u00fcnf-Punkte-Plan\"?","date":"16. Juli 2018","format":false,"excerpt":"Was sich die CDU-Spitzen in Sachsen da offenbar gerade beim Thema Wolf zusammenreimen, hat - so k\u00f6nnte man meinen - weder Hand noch Fu\u00df. Anders als beispielsweise in Brandenburg, wo man sich zuletzt eine eigene Wolfsverordnung verpasst hat und damit tats\u00e4chlich zum Vorreiter im Wolfsmanagement wurde, redet man sich seitens\u2026","rel":"","context":"In &quot;Standpunkte&quot;","img":{"alt_text":"Wolf im Tierpark Nordhorn","src":"https:\/\/i0.wp.com\/wolfsmonitor.de\/wp-content\/uploads\/2015\/07\/Foto-Kommentar-2.jpg?fit=586%2C513&ssl=1&resize=350%2C200","width":350,"height":200},"classes":[]},{"id":5729,"url":"https:\/\/wolfsmonitor.de\/?p=5729","url_meta":{"origin":8562,"position":3},"title":"Sachsen: 1. Neuer Pr\u00e4sident beim Landesjagdverband und 2. AG Wolf unterst\u00fctzt Bautzener Landrat","date":"29. Oktober 2016","format":false,"excerpt":"Auf dem 27. Landesj\u00e4gertag w\u00e4hlten k\u00fcrzlich 113 Delegierte den einstigen Vizepr\u00e4sidenten Frank Conrad zum neuen Pr\u00e4sidenten des Landesjagdverbandes Sachsen (LJV Sachsen). Conrad hatte zusammen mit Kurt Reichel (Schatzmeister) bereits im vergangenen Dezember die Amtsgesch\u00e4fte \u00fcbergangsweise \u00fcbernommen, nachdem s\u00e4mtliche Mitglieder des Pr\u00e4sidiums auf dem 26. Landesj\u00e4gertag ihren R\u00fccktritt erkl\u00e4rt hatten. (*1)\u2026","rel":"","context":"In &quot;Kurzinfo&quot;","img":{"alt_text":"Wolf im Zoo Nordhorn (Foto: Vogler)","src":"https:\/\/i2.wp.com\/wolfsmonitor.de\/wp-content\/uploads\/2016\/09\/Beitragsfoto-Kurzinfo.jpg?fit=628%2C505&ssl=1&resize=350%2C200","width":350,"height":200},"classes":[]},{"id":8553,"url":"https:\/\/wolfsmonitor.de\/?p=8553","url_meta":{"origin":8562,"position":4},"title":"Sachsens Gr\u00fcne: \"Zum wiederholten Male tr\u00e4gt Bautzens Landrat Harig zur Panikmache bei\"","date":"22. April 2017","format":false,"excerpt":"Der Bautzener Landrat Michael Harig pl\u00e4dierte nach einem vermeintlichen \u00dcbergriff eines Wolfes auf zwei nicht ausreichend gesch\u00fctzte Walliser Schwarznasenschafe in Gro\u00dfd\u00f6bsch\u00fctz daf\u00fcr, den Abschuss des Wolfes pr\u00fcfen zu lassen (Wolfsmonitor berichtete, hier!). Die Partei B\u00dcNDNIS 90\/DIE GR\u00dcNEN in Sachsen und der Kreisverband Bautzen meldeten sich nun dazu (im Wortlaut): \"Den\u2026","rel":"","context":"In &quot;Presseinformationen&quot;","img":{"alt_text":"Wolf im Tierpark (Foto: Vogler)","src":"https:\/\/i0.wp.com\/wolfsmonitor.de\/wp-content\/uploads\/2016\/09\/Beitragsfoto-PI-PM.jpg?fit=752%2C497&ssl=1&resize=350%2C200","width":350,"height":200},"classes":[]},{"id":15146,"url":"https:\/\/wolfsmonitor.de\/?p=15146","url_meta":{"origin":8562,"position":5},"title":"Deutschlands Anti-Wolfs-Landrat","date":"15. Oktober 2018","format":false,"excerpt":"Eigentlich wollte Bautzens Landrat Michael Harig k\u00fcnftig dem l\u00e4ndlichen Raum in seiner neuen Funktion als gesch\u00e4ftsf\u00fchrender Pr\u00e4sident beim Ostdeutschen Sparkassenverband (OSV) in Berlin eine starke Stimme geben, doch dann erhielt er dort keine entsprechende Mehrheit. (*1) Nun, da feststeht, dass Harig nicht nach Berlin wechselt, scheint er seine \u201estarke Stimme\u201c\u2026","rel":"","context":"In &quot;Standpunkte&quot;","img":{"alt_text":"Wolf im Tierpark Nordhorn","src":"https:\/\/i1.wp.com\/wolfsmonitor.de\/wp-content\/uploads\/2015\/04\/WM-Kommentar.jpg?fit=512%2C442&ssl=1&resize=350%2C200","width":350,"height":200},"classes":[]}],"_links":{"self":[{"href":"https:\/\/wolfsmonitor.de\/index.php?rest_route=\/wp\/v2\/posts\/8562"}],"collection":[{"href":"https:\/\/wolfsmonitor.de\/index.php?rest_route=\/wp\/v2\/posts"}],"about":[{"href":"https:\/\/wolfsmonitor.de\/index.php?rest_route=\/wp\/v2\/types\/post"}],"author":[{"embeddable":true,"href":"https:\/\/wolfsmonitor.de\/index.php?rest_route=\/wp\/v2\/users\/1"}],"replies":[{"embeddable":true,"href":"https:\/\/wolfsmonitor.de\/index.php?rest_route=%2Fwp%2Fv2%2Fcomments&post=8562"}],"version-history":[{"count":10,"href":"https:\/\/wolfsmonitor.de\/index.php?rest_route=\/wp\/v2\/posts\/8562\/revisions"}],"predecessor-version":[{"id":8574,"href":"https:\/\/wolfsmonitor.de\/index.php?rest_route=\/wp\/v2\/posts\/8562\/revisions\/8574"}],"wp:featuredmedia":[{"embeddable":true,"href":"https:\/\/wolfsmonitor.de\/index.php?rest_route=\/wp\/v2\/media\/3513"}],"wp:attachment":[{"href":"https:\/\/wolfsmonitor.de\/index.php?rest_route=%2Fwp%2Fv2%2Fmedia&parent=8562"}],"wp:term":[{"taxonomy":"category","embeddable":true,"href":"https:\/\/wolfsmonitor.de\/index.php?rest_route=%2Fwp%2Fv2%2Fcategories&post=8562"},{"taxonomy":"post_tag","embeddable":true,"href":"https:\/\/wolfsmonitor.de\/index.php?rest_route=%2Fwp%2Fv2%2Ftags&post=8562"}],"curies":[{"name":"wp","href":"https:\/\/api.w.org\/{rel}","templated":true}]}}