{"id":8802,"date":"2017-05-09T07:41:32","date_gmt":"2017-05-09T05:41:32","guid":{"rendered":"http:\/\/wolfsmonitor.de\/?p=8802"},"modified":"2018-05-05T14:22:05","modified_gmt":"2018-05-05T12:22:05","slug":"jetzt-erhaeltlich-das-loccumer-protokoll-zur-wolfstagung","status":"publish","type":"post","link":"https:\/\/wolfsmonitor.de\/?p=8802","title":{"rendered":"Jetzt erh\u00e4ltlich: Das &#8222;Loccumer Protokoll&#8220; zur Wolfstagung"},"content":{"rendered":"<p><strong>Vom 18. bis zum 20. November des letzten Jahres fand an der Evangelischen Akademie Loccum (Niedersachsen) die Tagung &#8222;(K)Ein Platz f\u00fcr wilde Tiere? Wolf &amp; Co.&#8220; statt. Rund 70 Nutztierhalter, J\u00e4ger, Natursch\u00fctzer, Wissenschaftler, Sch\u00e4fer und Wolfsberater nahmen daran teil. <\/strong>Nun ist in der Reihe &#8222;Loccumer Protokolle&#8220; (Band 71\/16) die dazugeh\u00f6rige Tagungsdokumentation erschienen. Auf 136 gedruckten Seiten wird damit auch f\u00fcr Nichtteilnehmer nachvollziehbar, welche Ergebnisse die Tagung hervorbrachte.<!--more--><\/p>\n<p>Au\u00dferdem wurden die Originalbeitr\u00e4ge zahlreicher Referenten, beispielsweise von Eckhard Fuhr (Welt), Manfred Kriener (taz) und Helene M\u00f6slinger (Kontaktb\u00fcro W\u00f6lfe in Sachsen) sowie Frank Fa\u00df und Klaus Bullerjahn ebenso, wie auch die Diskussionsergebnisse der drei Arbeitsgruppensitzungen des zweiten Veranstaltungstages abgedruckt.<\/p>\n<p>Das B\u00fcchlein gibt zusammenfassend interessante Einblicke in die Tagung, auf der beispielsweise unter den anwesenden J\u00e4gern sehr schnell Einvernehmen dar\u00fcber bestand, dass W\u00f6lfe nicht ins Jagdrecht geh\u00f6ren.<\/p>\n<hr \/>\n<p><span style=\"text-decoration: underline;\">Weitere Infos:<\/span> Monika C.M. M\u00fcller und Markus Hirschmann (Hrsg.): (K)Ein Platz f\u00fcr wilde Tiere? Wolf &amp; Co., Reihe Loccumer Protokolle, Band 71\/16, Rehburg-Loccum 2017, ISSN 0177-1132, ISBN 978-3-8172-7116-0, Preis 9,00 EUR<\/p>\n<p>Bezug \u00fcber den Buchhandel oder direkt bei: Evangelische Akademie Loccum, Protokollstelle, Postfach 2158, 31545 Rehburg-Loccum, Tel.: 05766\/81-119, Mail: <span style=\"color: #0000ff;\"><a style=\"color: #0000ff;\" href=\"mailto:Christine.Potier@evlka.de\" target=\"_blank\">Christine.Potier@evlka.de<\/a>,<\/span> hier ein <span style=\"color: #0000ff;\"><a style=\"color: #0000ff;\" href=\"http:\/\/www.loccum.de\/protokoll\/shop\/shop.html\" target=\"_blank\">Direktlink!<\/a><\/span><\/p>\n<div class=\"shariff shariff-align-center shariff-widget-align-center\" data-services=\"facebook%7Ctwitter\" data-url=\"https%3A%2F%2Fwolfsmonitor.de%2F%3Fp%3D8802\" data-timestamp=\"1525530125\" data-backendurl=\"?rest_route=\/shariff\/v1\/share_counts&\"><ul class=\"shariff-buttons theme-color orientation-horizontal buttonsize-small\"><li class=\"shariff-button facebook shariff-nocustomcolor\" style=\"background-color:#4273c8\"><a href=\"https:\/\/www.facebook.com\/sharer\/sharer.php?u=https%3A%2F%2Fwolfsmonitor.de%2F%3Fp%3D8802\" title=\"Bei Facebook teilen\" aria-label=\"Bei Facebook teilen\" role=\"button\" rel=\"nofollow\" class=\"shariff-link\" style=\"; background-color:#3b5998; color:#fff\" target=\"_blank\"><span class=\"shariff-icon\" style=\"\"><svg width=\"32px\" height=\"20px\" xmlns=\"http:\/\/www.w3.org\/2000\/svg\" viewBox=\"0 0 18 32\"><path fill=\"#3b5998\" d=\"M17.1 0.2v4.7h-2.8q-1.5 0-2.1 0.6t-0.5 1.9v3.4h5.2l-0.7 5.3h-4.5v13.6h-5.5v-13.6h-4.5v-5.3h4.5v-3.9q0-3.3 1.9-5.2t5-1.8q2.6 0 4.1 0.2z\"\/><\/svg><\/span><span class=\"shariff-text\">teilen<\/span>&nbsp;<span data-service=\"facebook\" style=\"color:#3b5998\" class=\"shariff-count shariff-hidezero\"><\/span>&nbsp;<\/a><\/li><li class=\"shariff-button twitter shariff-nocustomcolor\" style=\"background-color:#32bbf5\"><a href=\"https:\/\/twitter.com\/share?url=https%3A%2F%2Fwolfsmonitor.de%2F%3Fp%3D8802&text=Jetzt%20erh%C3%A4ltlich%3A%20Das%20%E2%80%9ELoccumer%20Protokoll%E2%80%9C%20zur%20Wolfstagung\" title=\"Bei Twitter teilen\" aria-label=\"Bei Twitter teilen\" role=\"button\" rel=\"noopener nofollow\" class=\"shariff-link\" style=\"; background-color:#55acee; color:#fff\" target=\"_blank\"><span class=\"shariff-icon\" style=\"\"><svg width=\"32px\" height=\"20px\" xmlns=\"http:\/\/www.w3.org\/2000\/svg\" viewBox=\"0 0 30 32\"><path fill=\"#55acee\" d=\"M29.7 6.8q-1.2 1.8-3 3.1 0 0.3 0 0.8 0 2.5-0.7 4.9t-2.2 4.7-3.5 4-4.9 2.8-6.1 1q-5.1 0-9.3-2.7 0.6 0.1 1.5 0.1 4.3 0 7.6-2.6-2-0.1-3.5-1.2t-2.2-3q0.6 0.1 1.1 0.1 0.8 0 1.6-0.2-2.1-0.4-3.5-2.1t-1.4-3.9v-0.1q1.3 0.7 2.8 0.8-1.2-0.8-2-2.2t-0.7-2.9q0-1.7 0.8-3.1 2.3 2.8 5.5 4.5t7 1.9q-0.2-0.7-0.2-1.4 0-2.5 1.8-4.3t4.3-1.8q2.7 0 4.5 1.9 2.1-0.4 3.9-1.5-0.7 2.2-2.7 3.4 1.8-0.2 3.5-0.9z\"\/><\/svg><\/span><span class=\"shariff-text\">twittern<\/span>&nbsp;<span data-service=\"twitter\" style=\"color:#55acee\" class=\"shariff-count shariff-hidezero\"><\/span>&nbsp;<\/a><\/li><li class=\"shariff-button rss shariff-nocustomcolor\" style=\"background-color:#ff8c00\"><a href=\"https:\/\/wolfsmonitor.de\/?feed=rss\" title=\"RSS-feed\" aria-label=\"RSS-feed\" role=\"button\" class=\"shariff-link\" style=\"; background-color:#fe9312; color:#fff\" target=\"_blank\"><span class=\"shariff-icon\" style=\"\"><svg width=\"32px\" height=\"20px\" xmlns=\"http:\/\/www.w3.org\/2000\/svg\" viewBox=\"0 0 32 32\"><path fill=\"#fe9312\" d=\"M4.3 23.5c-2.3 0-4.3 1.9-4.3 4.3 0 2.3 1.9 4.2 4.3 4.2 2.4 0 4.3-1.9 4.3-4.2 0-2.3-1.9-4.3-4.3-4.3zM0 10.9v6.1c4 0 7.7 1.6 10.6 4.4 2.8 2.8 4.4 6.6 4.4 10.6h6.2c0-11.7-9.5-21.1-21.1-21.1zM0 0v6.1c14.2 0 25.8 11.6 25.8 25.9h6.2c0-17.6-14.4-32-32-32z\"\/><\/svg><\/span><span class=\"shariff-text\">RSS-feed<\/span>&nbsp;<\/a><\/li><li class=\"shariff-button mailto shariff-nocustomcolor\" style=\"background-color:#a8a8a8\"><a href=\"mailto:?body=https%3A%2F%2Fwolfsmonitor.de%2F%3Fp%3D8802&subject=Jetzt%20erh%C3%A4ltlich%3A%20Das%20%E2%80%9ELoccumer%20Protokoll%E2%80%9C%20zur%20Wolfstagung\" title=\"Per E-Mail versenden\" aria-label=\"Per E-Mail versenden\" role=\"button\" rel=\"noopener nofollow\" class=\"shariff-link\" style=\"; background-color:#999; color:#fff\"><span class=\"shariff-icon\" style=\"\"><svg width=\"32px\" height=\"20px\" xmlns=\"http:\/\/www.w3.org\/2000\/svg\" viewBox=\"0 0 32 32\"><path fill=\"#999\" d=\"M32 12.7v14.2q0 1.2-0.8 2t-2 0.9h-26.3q-1.2 0-2-0.9t-0.8-2v-14.2q0.8 0.9 1.8 1.6 6.5 4.4 8.9 6.1 1 0.8 1.6 1.2t1.7 0.9 2 0.4h0.1q0.9 0 2-0.4t1.7-0.9 1.6-1.2q3-2.2 8.9-6.1 1-0.7 1.8-1.6zM32 7.4q0 1.4-0.9 2.7t-2.2 2.2q-6.7 4.7-8.4 5.8-0.2 0.1-0.7 0.5t-1 0.7-0.9 0.6-1.1 0.5-0.9 0.2h-0.1q-0.4 0-0.9-0.2t-1.1-0.5-0.9-0.6-1-0.7-0.7-0.5q-1.6-1.1-4.7-3.2t-3.6-2.6q-1.1-0.7-2.1-2t-1-2.5q0-1.4 0.7-2.3t2.1-0.9h26.3q1.2 0 2 0.8t0.9 2z\"\/><\/svg><\/span><span class=\"shariff-text\">E-Mail<\/span>&nbsp;<\/a><\/li><li class=\"shariff-button info shariff-nocustomcolor\" style=\"background-color:#a8a8a8\"><a href=\"http:\/\/ct.de\/-2467514\" title=\"Weitere Informationen\" aria-label=\"Weitere Informationen\" role=\"button\" rel=\"noopener \" class=\"shariff-link\" style=\"; background-color:#999; color:#fff\" target=\"_blank\"><span class=\"shariff-icon\" style=\"\"><svg width=\"32px\" height=\"20px\" xmlns=\"http:\/\/www.w3.org\/2000\/svg\" viewBox=\"0 0 11 32\"><path fill=\"#999\" d=\"M11.4 24v2.3q0 0.5-0.3 0.8t-0.8 0.4h-9.1q-0.5 0-0.8-0.4t-0.4-0.8v-2.3q0-0.5 0.4-0.8t0.8-0.4h1.1v-6.8h-1.1q-0.5 0-0.8-0.4t-0.4-0.8v-2.3q0-0.5 0.4-0.8t0.8-0.4h6.8q0.5 0 0.8 0.4t0.4 0.8v10.3h1.1q0.5 0 0.8 0.4t0.3 0.8zM9.2 3.4v3.4q0 0.5-0.4 0.8t-0.8 0.4h-4.6q-0.4 0-0.8-0.4t-0.4-0.8v-3.4q0-0.4 0.4-0.8t0.8-0.4h4.6q0.5 0 0.8 0.4t0.4 0.8z\"\/><\/svg><\/span><\/a><\/li><\/ul><\/div>","protected":false},"excerpt":{"rendered":"<p>Vom 18. bis zum 20. November des letzten Jahres fand an der Evangelischen Akademie Loccum (Niedersachsen) die Tagung &#8222;(K)Ein Platz f\u00fcr wilde Tiere? Wolf &amp; Co.&#8220; statt. Rund 70 Nutztierhalter, J\u00e4ger, Natursch\u00fctzer, Wissenschaftler, Sch\u00e4fer und Wolfsberater nahmen daran teil. Nun ist in der Reihe &#8222;Loccumer Protokolle&#8220; (Band 71\/16) die dazugeh\u00f6rige Tagungsdokumentation erschienen. Auf 136 gedruckten [&hellip;]<\/p>\n<div class=\"shariff shariff-align-center shariff-widget-align-center\" data-services=\"facebook%7Ctwitter\" data-url=\"https%3A%2F%2Fwolfsmonitor.de%2F%3Fp%3D8802\" data-timestamp=\"1525530125\" data-backendurl=\"?rest_route=\/shariff\/v1\/share_counts&\"><ul class=\"shariff-buttons theme-color orientation-horizontal buttonsize-small\"><li class=\"shariff-button facebook shariff-nocustomcolor\" style=\"background-color:#4273c8\"><a href=\"https:\/\/www.facebook.com\/sharer\/sharer.php?u=https%3A%2F%2Fwolfsmonitor.de%2F%3Fp%3D8802\" title=\"Bei Facebook teilen\" aria-label=\"Bei Facebook teilen\" role=\"button\" rel=\"nofollow\" class=\"shariff-link\" style=\"; background-color:#3b5998; color:#fff\" target=\"_blank\"><span class=\"shariff-icon\" style=\"\"><svg width=\"32px\" height=\"20px\" xmlns=\"http:\/\/www.w3.org\/2000\/svg\" viewBox=\"0 0 18 32\"><path fill=\"#3b5998\" d=\"M17.1 0.2v4.7h-2.8q-1.5 0-2.1 0.6t-0.5 1.9v3.4h5.2l-0.7 5.3h-4.5v13.6h-5.5v-13.6h-4.5v-5.3h4.5v-3.9q0-3.3 1.9-5.2t5-1.8q2.6 0 4.1 0.2z\"\/><\/svg><\/span><span class=\"shariff-text\">teilen<\/span>&nbsp;<span data-service=\"facebook\" style=\"color:#3b5998\" class=\"shariff-count shariff-hidezero\"><\/span>&nbsp;<\/a><\/li><li class=\"shariff-button twitter shariff-nocustomcolor\" style=\"background-color:#32bbf5\"><a href=\"https:\/\/twitter.com\/share?url=https%3A%2F%2Fwolfsmonitor.de%2F%3Fp%3D8802&text=Jetzt%20erh%C3%A4ltlich%3A%20Das%20%E2%80%9ELoccumer%20Protokoll%E2%80%9C%20zur%20Wolfstagung\" title=\"Bei Twitter teilen\" aria-label=\"Bei Twitter teilen\" role=\"button\" rel=\"noopener nofollow\" class=\"shariff-link\" style=\"; background-color:#55acee; color:#fff\" target=\"_blank\"><span class=\"shariff-icon\" style=\"\"><svg width=\"32px\" height=\"20px\" xmlns=\"http:\/\/www.w3.org\/2000\/svg\" viewBox=\"0 0 30 32\"><path fill=\"#55acee\" d=\"M29.7 6.8q-1.2 1.8-3 3.1 0 0.3 0 0.8 0 2.5-0.7 4.9t-2.2 4.7-3.5 4-4.9 2.8-6.1 1q-5.1 0-9.3-2.7 0.6 0.1 1.5 0.1 4.3 0 7.6-2.6-2-0.1-3.5-1.2t-2.2-3q0.6 0.1 1.1 0.1 0.8 0 1.6-0.2-2.1-0.4-3.5-2.1t-1.4-3.9v-0.1q1.3 0.7 2.8 0.8-1.2-0.8-2-2.2t-0.7-2.9q0-1.7 0.8-3.1 2.3 2.8 5.5 4.5t7 1.9q-0.2-0.7-0.2-1.4 0-2.5 1.8-4.3t4.3-1.8q2.7 0 4.5 1.9 2.1-0.4 3.9-1.5-0.7 2.2-2.7 3.4 1.8-0.2 3.5-0.9z\"\/><\/svg><\/span><span class=\"shariff-text\">twittern<\/span>&nbsp;<span data-service=\"twitter\" style=\"color:#55acee\" class=\"shariff-count shariff-hidezero\"><\/span>&nbsp;<\/a><\/li><li class=\"shariff-button rss shariff-nocustomcolor\" style=\"background-color:#ff8c00\"><a href=\"https:\/\/wolfsmonitor.de\/?feed=rss\" title=\"RSS-feed\" aria-label=\"RSS-feed\" role=\"button\" class=\"shariff-link\" style=\"; background-color:#fe9312; color:#fff\" target=\"_blank\"><span class=\"shariff-icon\" style=\"\"><svg width=\"32px\" height=\"20px\" xmlns=\"http:\/\/www.w3.org\/2000\/svg\" viewBox=\"0 0 32 32\"><path fill=\"#fe9312\" d=\"M4.3 23.5c-2.3 0-4.3 1.9-4.3 4.3 0 2.3 1.9 4.2 4.3 4.2 2.4 0 4.3-1.9 4.3-4.2 0-2.3-1.9-4.3-4.3-4.3zM0 10.9v6.1c4 0 7.7 1.6 10.6 4.4 2.8 2.8 4.4 6.6 4.4 10.6h6.2c0-11.7-9.5-21.1-21.1-21.1zM0 0v6.1c14.2 0 25.8 11.6 25.8 25.9h6.2c0-17.6-14.4-32-32-32z\"\/><\/svg><\/span><span class=\"shariff-text\">RSS-feed<\/span>&nbsp;<\/a><\/li><li class=\"shariff-button mailto shariff-nocustomcolor\" style=\"background-color:#a8a8a8\"><a href=\"mailto:?body=https%3A%2F%2Fwolfsmonitor.de%2F%3Fp%3D8802&subject=Jetzt%20erh%C3%A4ltlich%3A%20Das%20%E2%80%9ELoccumer%20Protokoll%E2%80%9C%20zur%20Wolfstagung\" title=\"Per E-Mail versenden\" aria-label=\"Per E-Mail versenden\" role=\"button\" rel=\"noopener nofollow\" class=\"shariff-link\" style=\"; background-color:#999; color:#fff\"><span class=\"shariff-icon\" style=\"\"><svg width=\"32px\" height=\"20px\" xmlns=\"http:\/\/www.w3.org\/2000\/svg\" viewBox=\"0 0 32 32\"><path fill=\"#999\" d=\"M32 12.7v14.2q0 1.2-0.8 2t-2 0.9h-26.3q-1.2 0-2-0.9t-0.8-2v-14.2q0.8 0.9 1.8 1.6 6.5 4.4 8.9 6.1 1 0.8 1.6 1.2t1.7 0.9 2 0.4h0.1q0.9 0 2-0.4t1.7-0.9 1.6-1.2q3-2.2 8.9-6.1 1-0.7 1.8-1.6zM32 7.4q0 1.4-0.9 2.7t-2.2 2.2q-6.7 4.7-8.4 5.8-0.2 0.1-0.7 0.5t-1 0.7-0.9 0.6-1.1 0.5-0.9 0.2h-0.1q-0.4 0-0.9-0.2t-1.1-0.5-0.9-0.6-1-0.7-0.7-0.5q-1.6-1.1-4.7-3.2t-3.6-2.6q-1.1-0.7-2.1-2t-1-2.5q0-1.4 0.7-2.3t2.1-0.9h26.3q1.2 0 2 0.8t0.9 2z\"\/><\/svg><\/span><span class=\"shariff-text\">E-Mail<\/span>&nbsp;<\/a><\/li><li class=\"shariff-button info shariff-nocustomcolor\" style=\"background-color:#a8a8a8\"><a href=\"http:\/\/ct.de\/-2467514\" title=\"Weitere Informationen\" aria-label=\"Weitere Informationen\" role=\"button\" rel=\"noopener \" class=\"shariff-link\" style=\"; background-color:#999; color:#fff\" target=\"_blank\"><span class=\"shariff-icon\" style=\"\"><svg width=\"32px\" height=\"20px\" xmlns=\"http:\/\/www.w3.org\/2000\/svg\" viewBox=\"0 0 11 32\"><path fill=\"#999\" d=\"M11.4 24v2.3q0 0.5-0.3 0.8t-0.8 0.4h-9.1q-0.5 0-0.8-0.4t-0.4-0.8v-2.3q0-0.5 0.4-0.8t0.8-0.4h1.1v-6.8h-1.1q-0.5 0-0.8-0.4t-0.4-0.8v-2.3q0-0.5 0.4-0.8t0.8-0.4h6.8q0.5 0 0.8 0.4t0.4 0.8v10.3h1.1q0.5 0 0.8 0.4t0.3 0.8zM9.2 3.4v3.4q0 0.5-0.4 0.8t-0.8 0.4h-4.6q-0.4 0-0.8-0.4t-0.4-0.8v-3.4q0-0.4 0.4-0.8t0.8-0.4h4.6q0.5 0 0.8 0.4t0.4 0.8z\"\/><\/svg><\/span><\/a><\/li><\/ul><\/div>","protected":false},"author":1,"featured_media":8788,"comment_status":"closed","ping_status":"open","sticky":false,"template":"","format":"standard","meta":{"spay_email":""},"categories":[907],"tags":[5900,4527,221,5897,222,225,1409,5218,5898,5899,5896,5895,5901,43,105],"jetpack_featured_media_url":"https:\/\/i2.wp.com\/wolfsmonitor.de\/wp-content\/uploads\/2017\/05\/Loccumer-Protokolle-Min-7.5.2017.jpg?fit=419%2C606&ssl=1","jetpack_shortlink":"https:\/\/wp.me\/p61YbU-2hY","jetpack-related-posts":[{"id":6133,"url":"https:\/\/wolfsmonitor.de\/?p=6133","url_meta":{"origin":8802,"position":0},"title":"(K)Ein Platz f\u00fcr W\u00f6lfe in Niedersachsen? - 3 t\u00e4gige Fachtagung in Loccum","date":"21. November 2016","format":false,"excerpt":"Was passiert eigentlich, wenn man etwa 70 Nutztierhalter, J\u00e4ger, Natursch\u00fctzer, Wissenschaftler, Sch\u00e4fer, Wolfsberater, Bauern und Wolfsexperten mit einigen f\u00fcr das Wolfsmanagement verantwortlichen Personen drei Tage lang an einem Ort versammelt, der seit Jahrzehnten daf\u00fcr bekannt ist, dass dort bereits viele gesellschaftlich umstrittene Themen zu l\u00f6sbaren Kompromissen gef\u00fchrt wurden? Richtig, es\u2026","rel":"","context":"In &quot;Mittendrin&quot;","img":{"alt_text":"","src":"https:\/\/i0.wp.com\/wolfsmonitor.de\/wp-content\/uploads\/2015\/09\/Mittendrin-Sept.2015.jpg?fit=582%2C507&ssl=1&resize=350%2C200","width":350,"height":200},"classes":[]},{"id":6246,"url":"https:\/\/wolfsmonitor.de\/?p=6246","url_meta":{"origin":8802,"position":1},"title":"\"Wild und Hund\"- Beitrag \u00fcber die Wolfstagung in Loccum","date":"25. November 2016","format":false,"excerpt":"Leider verpasste Wild und Hund-Redakteur Markus H\u00f6lzel wesentliche Teile der Loccum-Tagung, da er offensichtlich nicht die gesamten drei Tage dabei sein konnte. Deshalb frage ich mich: W\u00e4re seine Bilanz ansonsten etwas anders ausfallen? Denn kein Geringerer als der Vorsitzende des Schafzuchtverbandes Berlin-Brandenburg, Knut Kucznik, erteilte am zweiten Tag der Veranstaltung\u2026","rel":"","context":"In &quot;Standpunkte&quot;","img":{"alt_text":"Wolf im Tierpark Nordhorn","src":"https:\/\/i0.wp.com\/wolfsmonitor.de\/wp-content\/uploads\/2015\/07\/Foto-Kommentar-2.jpg?fit=586%2C513&ssl=1&resize=350%2C200","width":350,"height":200},"classes":[]},{"id":6232,"url":"https:\/\/wolfsmonitor.de\/?p=6232","url_meta":{"origin":8802,"position":2},"title":"Wolfsmonitor-Nachrichten am 25.11.2016","date":"25. November 2016","format":false,"excerpt":"In der Nacht zum Donnerstag (24. November) wurde auf der S 131 zwischen Reichwalde und Kringelsdorf (Oberlausitz) ein Wolf \u00fcberfahren. Zeugen fanden das Tier tot am Stra\u00dfenrand. Weiterlesen\u2026 (*1) David Gerke, Pr\u00e4sident der Gruppe Wolf Schweiz und Wolfsmonitor-Kolumnist, wurde nun zum Augustbord-Wolfsrudel interviewt. Hier finden Sie das Interview\u2026.(*2) Heiko Anders,\u2026","rel":"","context":"In &quot;Nachrichten&quot;","img":{"alt_text":"","src":"https:\/\/i1.wp.com\/wolfsmonitor.de\/wp-content\/uploads\/2016\/11\/B-Foto-H.A.-Nachrichten-1.jpg?fit=761%2C497&ssl=1&resize=350%2C200","width":350,"height":200},"classes":[]},{"id":6178,"url":"https:\/\/wolfsmonitor.de\/?p=6178","url_meta":{"origin":8802,"position":3},"title":"6 neue Wolfsmeldungen","date":"23. November 2016","format":false,"excerpt":"Im s\u00e4chsischen Bautzen demonstrierten gestern rund 150 Menschen aus allen Teilen Deutschlands - darunter auch viele Sch\u00e4fer - gegen das Verbot zum Abschuss von W\u00f6lfen. Wenige Meter davon entfernt sa\u00dfen \u201eWolfsmanager\u201c in einem Tagungshotel, um sich \u00fcber wirksame Herdenschutzma\u00dfnahmen zu beraten. Nur wenige Tage zuvor war man in Niedersachsen (Loccum)\u2026","rel":"","context":"In &quot;Kurzinfo&quot;","img":{"alt_text":"Wolf im Zoo Nordhorn (Foto: Vogler)","src":"https:\/\/i2.wp.com\/wolfsmonitor.de\/wp-content\/uploads\/2016\/09\/Beitragsfoto-Kurzinfo.jpg?fit=628%2C505&ssl=1&resize=350%2C200","width":350,"height":200},"classes":[]},{"id":8896,"url":"https:\/\/wolfsmonitor.de\/?p=8896","url_meta":{"origin":8802,"position":4},"title":"Kolumne: Was braucht der Mensch als J\u00e4ger, Jagdkonkurrent und Wolfsberater? (Teil 3 von 3)","date":"15. Mai 2017","format":false,"excerpt":"... Dem \u201efreizeitlichen Lustm\u00f6rder\u201c wird vorgeworfen, Wild in Angst und Schrecken zu versetzen, es mit Hunden zu hetzen und Leiden und Schmerzen zu zuzuf\u00fcgen. Der Wolf macht eigentlich nichts anderes und es darf bezweifelt werden, dass es f\u00fcr das Wild einen Unterschied macht, wer ihm in dieser Art zu Leibe\u2026","rel":"","context":"In &quot;Gastkolumne&quot;","img":{"alt_text":"Kolumnist Klaus Bullerjahn (Foto: privat)","src":"https:\/\/i0.wp.com\/wolfsmonitor.de\/wp-content\/uploads\/2016\/03\/Kolumnenbild-K.Bullerjahn.jpg?fit=768%2C523&ssl=1&resize=350%2C200","width":350,"height":200},"classes":[]},{"id":8870,"url":"https:\/\/wolfsmonitor.de\/?p=8870","url_meta":{"origin":8802,"position":5},"title":"Was braucht der Mensch als J\u00e4ger, Jagdkonkurrent und Wolfsberater? (Teil 2 von 3)","date":"13. Mai 2017","format":false,"excerpt":"... Da Wild niemals vor Nachstellungen sicher war, hat sich weder der Fluchtinstinkt noch die k\u00f6rperliche Leistungsf\u00e4higkeit zur\u00fcckentwickelt. Entscheidender f\u00fcr die Konstitution ist gerade bei den wiederk\u00e4uenden Arten, dass der \u00c4sungsrythmus eingehalten werden kann und es entsprechende \u00c4sungsperioden und Ruhephasen zur Verdauung gibt. In \u00e4sungsarmen Zeiten wirken sich Ruhest\u00f6rungen durch\u2026","rel":"","context":"In &quot;Gastkolumne&quot;","img":{"alt_text":"Kolumnist Klaus Bullerjahn (Foto: privat)","src":"https:\/\/i0.wp.com\/wolfsmonitor.de\/wp-content\/uploads\/2016\/03\/Kolumnenbild-K.Bullerjahn.jpg?fit=768%2C523&ssl=1&resize=350%2C200","width":350,"height":200},"classes":[]}],"_links":{"self":[{"href":"https:\/\/wolfsmonitor.de\/index.php?rest_route=\/wp\/v2\/posts\/8802"}],"collection":[{"href":"https:\/\/wolfsmonitor.de\/index.php?rest_route=\/wp\/v2\/posts"}],"about":[{"href":"https:\/\/wolfsmonitor.de\/index.php?rest_route=\/wp\/v2\/types\/post"}],"author":[{"embeddable":true,"href":"https:\/\/wolfsmonitor.de\/index.php?rest_route=\/wp\/v2\/users\/1"}],"replies":[{"embeddable":true,"href":"https:\/\/wolfsmonitor.de\/index.php?rest_route=%2Fwp%2Fv2%2Fcomments&post=8802"}],"version-history":[{"count":16,"href":"https:\/\/wolfsmonitor.de\/index.php?rest_route=\/wp\/v2\/posts\/8802\/revisions"}],"predecessor-version":[{"id":8822,"href":"https:\/\/wolfsmonitor.de\/index.php?rest_route=\/wp\/v2\/posts\/8802\/revisions\/8822"}],"wp:featuredmedia":[{"embeddable":true,"href":"https:\/\/wolfsmonitor.de\/index.php?rest_route=\/wp\/v2\/media\/8788"}],"wp:attachment":[{"href":"https:\/\/wolfsmonitor.de\/index.php?rest_route=%2Fwp%2Fv2%2Fmedia&parent=8802"}],"wp:term":[{"taxonomy":"category","embeddable":true,"href":"https:\/\/wolfsmonitor.de\/index.php?rest_route=%2Fwp%2Fv2%2Fcategories&post=8802"},{"taxonomy":"post_tag","embeddable":true,"href":"https:\/\/wolfsmonitor.de\/index.php?rest_route=%2Fwp%2Fv2%2Ftags&post=8802"}],"curies":[{"name":"wp","href":"https:\/\/api.w.org\/{rel}","templated":true}]}}