{"id":8969,"date":"2017-05-20T18:51:42","date_gmt":"2017-05-20T16:51:42","guid":{"rendered":"http:\/\/wolfsmonitor.de\/?p=8969"},"modified":"2018-05-05T14:22:04","modified_gmt":"2018-05-05T12:22:04","slug":"ausgestopfter-kurti-ab-morgen-im-museum-reaktionen-darauf","status":"publish","type":"post","link":"https:\/\/wolfsmonitor.de\/?p=8969","title":{"rendered":"Ausgestopfter &#8222;Kurti\u201c ab morgen im Museum: Reaktionen darauf\u2026"},"content":{"rendered":"<p><strong>\u201eGeschmacklos\u201c, ist noch eine der harmloseren Reaktionen im Netz auf ein Pr\u00e4parat, das den ersten mit offizieller Genehmigung get\u00f6teten Wolf Deutschlands, \u201eMT6\u201c (besser bekannt als &#8222;Kurti), ab morgen in einer Sonderausstellung\u00a0 im Landesmuseum Hannover zeigt.<\/strong><!--more--><\/p>\n<p>Verfolgt man die weiteren Kommentare in den Sozialen Medien, erh\u00e4lt man unweigerlich den Eindruck, dass \u201egut gemeint nicht immer auch gut gemacht\u201c bedeutet. Hier eine Auswahl aus den zahllosen Facebook-Kommentaren: (*1)<\/p>\n<p><u>Ingrid R.<\/u> zum Beispiel schreibt: \u201eBin traurig und w\u00fctend zugleich. Es ist furchtbar, was aus einem lebendigen Wolf von einem Pr\u00e4parator gemacht wurde. Es geht um Kurti, alias MT6. Er war ein junger, neugieriger Wolfsr\u00fcde, der keinem Menschen etwas getan hat. Gef\u00fchlloser geht es nicht mehr.\u201c<\/p>\n<p><u>Brigitte S.:<\/u> \u201eWie soll man Leuten eine lebendige Natur mithilfe von toten Tieren n\u00e4her bringen?\u201c<\/p>\n<p><u>Steffi M.:<\/u> Was haben sie nur aus Kurti gemacht&#8230;?! Mal abgesehen davon, dass er mir lebend eh am allerbesten gefallen hat und h\u00e4tte, so haben sie ihn nach dem v\u00f6llig sinnfreien Abschuss auch noch total verhunzt !!!\u201c<\/p>\n<p><span style=\"text-decoration: underline;\">Udo Z.:<\/span> \u201eSieht erb\u00e4rmlich aus.\u201c<\/p>\n<p><span style=\"text-decoration: underline;\">Claudia S:<\/span> &#8222;Furchtbar in jeder Beziehung!\u201c<\/p>\n<p><span style=\"text-decoration: underline;\">Axel F.:<\/span> \u201eHatte der Pr\u00e4parator einen Wolpertinger als Vorlage? Misslungen, auf der ganzen Linie.\u201c<\/p>\n<p><span style=\"text-decoration: underline;\">M.M.:<\/span> Davon abgesehen, dass ich es ohnehin entw\u00fcrdigend und respektlos gegen\u00fcber einem Lebewesen finde, es zu pr\u00e4parieren, muss ich vom Blickwinkel der K\u00fcnstlerin aus sagen: grottenschlechte Arbeit. Wer immer das gemacht hat, hat von Anatomie null Ahnung. Die Ohren sehen aus wie bei einem dt. Sch\u00e4ferhund, der Kopf erinnert an Grimms M\u00e4rchen und zum Rest sag ich lieber nix.\u201c<\/p>\n<p>Die Erstellung des Pr\u00e4parats und das Ergebnis wurden mit Fotos dokumentiert, die man auf der Webseite des NDR sehen kann (*2), <span style=\"color: #0000ff;\"><a style=\"color: #0000ff;\" href=\"https:\/\/www.ndr.de\/kultur\/Kurti-ist-jetzt-museumsreif,wolf3114.html\" target=\"_blank\">hier ein Link dahin!<\/a><\/span><\/p>\n<p><span style=\"text-decoration: underline;\">Fazit:<\/span> Obwohl die Aufkl\u00e4rung \u00fcber die R\u00fcckkehr der W\u00f6lfe nach Deutschland nach wie vor wichtig und notwendig ist, insbesondere in Herdenschutzfragen, h\u00e4tte man vielleicht nicht ausgerechnet diesen Wolf, der nach Ansicht vieler Wolfsfreunde zu Unrecht erschossen wurde, pr\u00e4parieren und ausstellen m\u00fcssen.<\/p>\n<hr \/>\n<p><em><u>Quellen: <\/u><\/em><\/p>\n<p><em>(*1) Facebook, www.facebook.com, Kommentare in div. Wolfsgruppen auf NDR-Bericht, abgerufen am 20.5.2017<\/em><\/p>\n<p><em>(*2) NDR, www.ndr.de, 19.05.2017: &#8222;Kurti&#8220; ist jetzt museumsreif\u201c, abgerufen am 20.5.2017<\/em><\/p>\n<p class=\"ox-8fa0bdae36-MsoNormal\"><em><span style=\"text-decoration: underline;\">Beitragsfoto:<\/span> Heiko Anders,<span style=\"color: #0000ff;\"><a style=\"color: #0000ff;\" href=\"http:\/\/www.andersfotografiert.com\" target=\"_blank\"> www.andersfotografiert.com<\/a><\/span><\/em><\/p>\n<p class=\"ox-8fa0bdae36-MsoNormal\"><em>(Anmerkung: F\u00fcr die Richtigkeit der Angaben und Inhalte der verlinkten Webseiten wird keinerlei Gew\u00e4hr \u00fcbernommen)<\/em><\/p>\n<div class=\"shariff shariff-align-center shariff-widget-align-center\" data-services=\"facebook%7Ctwitter\" data-url=\"https%3A%2F%2Fwolfsmonitor.de%2F%3Fp%3D8969\" data-timestamp=\"1525530124\" data-backendurl=\"?rest_route=\/shariff\/v1\/share_counts&\"><ul class=\"shariff-buttons theme-color orientation-horizontal buttonsize-small\"><li class=\"shariff-button facebook shariff-nocustomcolor\" style=\"background-color:#4273c8\"><a href=\"https:\/\/www.facebook.com\/sharer\/sharer.php?u=https%3A%2F%2Fwolfsmonitor.de%2F%3Fp%3D8969\" title=\"Bei Facebook teilen\" aria-label=\"Bei Facebook teilen\" role=\"button\" rel=\"nofollow\" class=\"shariff-link\" style=\"; background-color:#3b5998; color:#fff\" target=\"_blank\"><span class=\"shariff-icon\" style=\"\"><svg width=\"32px\" height=\"20px\" xmlns=\"http:\/\/www.w3.org\/2000\/svg\" viewBox=\"0 0 18 32\"><path fill=\"#3b5998\" d=\"M17.1 0.2v4.7h-2.8q-1.5 0-2.1 0.6t-0.5 1.9v3.4h5.2l-0.7 5.3h-4.5v13.6h-5.5v-13.6h-4.5v-5.3h4.5v-3.9q0-3.3 1.9-5.2t5-1.8q2.6 0 4.1 0.2z\"\/><\/svg><\/span><span class=\"shariff-text\">teilen<\/span>&nbsp;<span data-service=\"facebook\" style=\"color:#3b5998\" class=\"shariff-count shariff-hidezero\"><\/span>&nbsp;<\/a><\/li><li class=\"shariff-button twitter shariff-nocustomcolor\" style=\"background-color:#32bbf5\"><a href=\"https:\/\/twitter.com\/share?url=https%3A%2F%2Fwolfsmonitor.de%2F%3Fp%3D8969&text=Ausgestopfter%20%E2%80%9EKurti%E2%80%9C%20ab%20morgen%20im%20Museum%3A%20Reaktionen%20darauf%E2%80%A6\" title=\"Bei Twitter teilen\" aria-label=\"Bei Twitter teilen\" role=\"button\" rel=\"noopener nofollow\" class=\"shariff-link\" style=\"; background-color:#55acee; color:#fff\" target=\"_blank\"><span class=\"shariff-icon\" style=\"\"><svg width=\"32px\" height=\"20px\" xmlns=\"http:\/\/www.w3.org\/2000\/svg\" viewBox=\"0 0 30 32\"><path fill=\"#55acee\" d=\"M29.7 6.8q-1.2 1.8-3 3.1 0 0.3 0 0.8 0 2.5-0.7 4.9t-2.2 4.7-3.5 4-4.9 2.8-6.1 1q-5.1 0-9.3-2.7 0.6 0.1 1.5 0.1 4.3 0 7.6-2.6-2-0.1-3.5-1.2t-2.2-3q0.6 0.1 1.1 0.1 0.8 0 1.6-0.2-2.1-0.4-3.5-2.1t-1.4-3.9v-0.1q1.3 0.7 2.8 0.8-1.2-0.8-2-2.2t-0.7-2.9q0-1.7 0.8-3.1 2.3 2.8 5.5 4.5t7 1.9q-0.2-0.7-0.2-1.4 0-2.5 1.8-4.3t4.3-1.8q2.7 0 4.5 1.9 2.1-0.4 3.9-1.5-0.7 2.2-2.7 3.4 1.8-0.2 3.5-0.9z\"\/><\/svg><\/span><span class=\"shariff-text\">twittern<\/span>&nbsp;<span data-service=\"twitter\" style=\"color:#55acee\" class=\"shariff-count shariff-hidezero\"><\/span>&nbsp;<\/a><\/li><li class=\"shariff-button rss shariff-nocustomcolor\" style=\"background-color:#ff8c00\"><a href=\"https:\/\/wolfsmonitor.de\/?feed=rss\" title=\"RSS-feed\" aria-label=\"RSS-feed\" role=\"button\" class=\"shariff-link\" style=\"; background-color:#fe9312; color:#fff\" target=\"_blank\"><span class=\"shariff-icon\" style=\"\"><svg width=\"32px\" height=\"20px\" xmlns=\"http:\/\/www.w3.org\/2000\/svg\" viewBox=\"0 0 32 32\"><path fill=\"#fe9312\" d=\"M4.3 23.5c-2.3 0-4.3 1.9-4.3 4.3 0 2.3 1.9 4.2 4.3 4.2 2.4 0 4.3-1.9 4.3-4.2 0-2.3-1.9-4.3-4.3-4.3zM0 10.9v6.1c4 0 7.7 1.6 10.6 4.4 2.8 2.8 4.4 6.6 4.4 10.6h6.2c0-11.7-9.5-21.1-21.1-21.1zM0 0v6.1c14.2 0 25.8 11.6 25.8 25.9h6.2c0-17.6-14.4-32-32-32z\"\/><\/svg><\/span><span class=\"shariff-text\">RSS-feed<\/span>&nbsp;<\/a><\/li><li class=\"shariff-button mailto shariff-nocustomcolor\" style=\"background-color:#a8a8a8\"><a href=\"mailto:?body=https%3A%2F%2Fwolfsmonitor.de%2F%3Fp%3D8969&subject=Ausgestopfter%20%E2%80%9EKurti%E2%80%9C%20ab%20morgen%20im%20Museum%3A%20Reaktionen%20darauf%E2%80%A6\" title=\"Per E-Mail versenden\" aria-label=\"Per E-Mail versenden\" role=\"button\" rel=\"noopener nofollow\" class=\"shariff-link\" style=\"; background-color:#999; color:#fff\"><span class=\"shariff-icon\" style=\"\"><svg width=\"32px\" height=\"20px\" xmlns=\"http:\/\/www.w3.org\/2000\/svg\" viewBox=\"0 0 32 32\"><path fill=\"#999\" d=\"M32 12.7v14.2q0 1.2-0.8 2t-2 0.9h-26.3q-1.2 0-2-0.9t-0.8-2v-14.2q0.8 0.9 1.8 1.6 6.5 4.4 8.9 6.1 1 0.8 1.6 1.2t1.7 0.9 2 0.4h0.1q0.9 0 2-0.4t1.7-0.9 1.6-1.2q3-2.2 8.9-6.1 1-0.7 1.8-1.6zM32 7.4q0 1.4-0.9 2.7t-2.2 2.2q-6.7 4.7-8.4 5.8-0.2 0.1-0.7 0.5t-1 0.7-0.9 0.6-1.1 0.5-0.9 0.2h-0.1q-0.4 0-0.9-0.2t-1.1-0.5-0.9-0.6-1-0.7-0.7-0.5q-1.6-1.1-4.7-3.2t-3.6-2.6q-1.1-0.7-2.1-2t-1-2.5q0-1.4 0.7-2.3t2.1-0.9h26.3q1.2 0 2 0.8t0.9 2z\"\/><\/svg><\/span><span class=\"shariff-text\">E-Mail<\/span>&nbsp;<\/a><\/li><li class=\"shariff-button info shariff-nocustomcolor\" style=\"background-color:#a8a8a8\"><a href=\"http:\/\/ct.de\/-2467514\" title=\"Weitere Informationen\" aria-label=\"Weitere Informationen\" role=\"button\" rel=\"noopener \" class=\"shariff-link\" style=\"; background-color:#999; color:#fff\" target=\"_blank\"><span class=\"shariff-icon\" style=\"\"><svg width=\"32px\" height=\"20px\" xmlns=\"http:\/\/www.w3.org\/2000\/svg\" viewBox=\"0 0 11 32\"><path fill=\"#999\" d=\"M11.4 24v2.3q0 0.5-0.3 0.8t-0.8 0.4h-9.1q-0.5 0-0.8-0.4t-0.4-0.8v-2.3q0-0.5 0.4-0.8t0.8-0.4h1.1v-6.8h-1.1q-0.5 0-0.8-0.4t-0.4-0.8v-2.3q0-0.5 0.4-0.8t0.8-0.4h6.8q0.5 0 0.8 0.4t0.4 0.8v10.3h1.1q0.5 0 0.8 0.4t0.3 0.8zM9.2 3.4v3.4q0 0.5-0.4 0.8t-0.8 0.4h-4.6q-0.4 0-0.8-0.4t-0.4-0.8v-3.4q0-0.4 0.4-0.8t0.8-0.4h4.6q0.5 0 0.8 0.4t0.4 0.8z\"\/><\/svg><\/span><\/a><\/li><\/ul><\/div>","protected":false},"excerpt":{"rendered":"<p>\u201eGeschmacklos\u201c, ist noch eine der harmloseren Reaktionen im Netz auf ein Pr\u00e4parat, das den ersten mit offizieller Genehmigung get\u00f6teten Wolf Deutschlands, \u201eMT6\u201c (besser bekannt als &#8222;Kurti), ab morgen in einer Sonderausstellung\u00a0 im Landesmuseum Hannover zeigt.<\/p>\n<div class=\"shariff shariff-align-center shariff-widget-align-center\" data-services=\"facebook%7Ctwitter\" data-url=\"https%3A%2F%2Fwolfsmonitor.de%2F%3Fp%3D8969\" data-timestamp=\"1525530124\" data-backendurl=\"?rest_route=\/shariff\/v1\/share_counts&\"><ul class=\"shariff-buttons theme-color orientation-horizontal buttonsize-small\"><li class=\"shariff-button facebook shariff-nocustomcolor\" style=\"background-color:#4273c8\"><a href=\"https:\/\/www.facebook.com\/sharer\/sharer.php?u=https%3A%2F%2Fwolfsmonitor.de%2F%3Fp%3D8969\" title=\"Bei Facebook teilen\" aria-label=\"Bei Facebook teilen\" role=\"button\" rel=\"nofollow\" class=\"shariff-link\" style=\"; background-color:#3b5998; color:#fff\" target=\"_blank\"><span class=\"shariff-icon\" style=\"\"><svg width=\"32px\" height=\"20px\" xmlns=\"http:\/\/www.w3.org\/2000\/svg\" viewBox=\"0 0 18 32\"><path fill=\"#3b5998\" d=\"M17.1 0.2v4.7h-2.8q-1.5 0-2.1 0.6t-0.5 1.9v3.4h5.2l-0.7 5.3h-4.5v13.6h-5.5v-13.6h-4.5v-5.3h4.5v-3.9q0-3.3 1.9-5.2t5-1.8q2.6 0 4.1 0.2z\"\/><\/svg><\/span><span class=\"shariff-text\">teilen<\/span>&nbsp;<span data-service=\"facebook\" style=\"color:#3b5998\" class=\"shariff-count shariff-hidezero\"><\/span>&nbsp;<\/a><\/li><li class=\"shariff-button twitter shariff-nocustomcolor\" style=\"background-color:#32bbf5\"><a href=\"https:\/\/twitter.com\/share?url=https%3A%2F%2Fwolfsmonitor.de%2F%3Fp%3D8969&text=Ausgestopfter%20%E2%80%9EKurti%E2%80%9C%20ab%20morgen%20im%20Museum%3A%20Reaktionen%20darauf%E2%80%A6\" title=\"Bei Twitter teilen\" aria-label=\"Bei Twitter teilen\" role=\"button\" rel=\"noopener nofollow\" class=\"shariff-link\" style=\"; background-color:#55acee; color:#fff\" target=\"_blank\"><span class=\"shariff-icon\" style=\"\"><svg width=\"32px\" height=\"20px\" xmlns=\"http:\/\/www.w3.org\/2000\/svg\" viewBox=\"0 0 30 32\"><path fill=\"#55acee\" d=\"M29.7 6.8q-1.2 1.8-3 3.1 0 0.3 0 0.8 0 2.5-0.7 4.9t-2.2 4.7-3.5 4-4.9 2.8-6.1 1q-5.1 0-9.3-2.7 0.6 0.1 1.5 0.1 4.3 0 7.6-2.6-2-0.1-3.5-1.2t-2.2-3q0.6 0.1 1.1 0.1 0.8 0 1.6-0.2-2.1-0.4-3.5-2.1t-1.4-3.9v-0.1q1.3 0.7 2.8 0.8-1.2-0.8-2-2.2t-0.7-2.9q0-1.7 0.8-3.1 2.3 2.8 5.5 4.5t7 1.9q-0.2-0.7-0.2-1.4 0-2.5 1.8-4.3t4.3-1.8q2.7 0 4.5 1.9 2.1-0.4 3.9-1.5-0.7 2.2-2.7 3.4 1.8-0.2 3.5-0.9z\"\/><\/svg><\/span><span class=\"shariff-text\">twittern<\/span>&nbsp;<span data-service=\"twitter\" style=\"color:#55acee\" class=\"shariff-count shariff-hidezero\"><\/span>&nbsp;<\/a><\/li><li class=\"shariff-button rss shariff-nocustomcolor\" style=\"background-color:#ff8c00\"><a href=\"https:\/\/wolfsmonitor.de\/?feed=rss\" title=\"RSS-feed\" aria-label=\"RSS-feed\" role=\"button\" class=\"shariff-link\" style=\"; background-color:#fe9312; color:#fff\" target=\"_blank\"><span class=\"shariff-icon\" style=\"\"><svg width=\"32px\" height=\"20px\" xmlns=\"http:\/\/www.w3.org\/2000\/svg\" viewBox=\"0 0 32 32\"><path fill=\"#fe9312\" d=\"M4.3 23.5c-2.3 0-4.3 1.9-4.3 4.3 0 2.3 1.9 4.2 4.3 4.2 2.4 0 4.3-1.9 4.3-4.2 0-2.3-1.9-4.3-4.3-4.3zM0 10.9v6.1c4 0 7.7 1.6 10.6 4.4 2.8 2.8 4.4 6.6 4.4 10.6h6.2c0-11.7-9.5-21.1-21.1-21.1zM0 0v6.1c14.2 0 25.8 11.6 25.8 25.9h6.2c0-17.6-14.4-32-32-32z\"\/><\/svg><\/span><span class=\"shariff-text\">RSS-feed<\/span>&nbsp;<\/a><\/li><li class=\"shariff-button mailto shariff-nocustomcolor\" style=\"background-color:#a8a8a8\"><a href=\"mailto:?body=https%3A%2F%2Fwolfsmonitor.de%2F%3Fp%3D8969&subject=Ausgestopfter%20%E2%80%9EKurti%E2%80%9C%20ab%20morgen%20im%20Museum%3A%20Reaktionen%20darauf%E2%80%A6\" title=\"Per E-Mail versenden\" aria-label=\"Per E-Mail versenden\" role=\"button\" rel=\"noopener nofollow\" class=\"shariff-link\" style=\"; background-color:#999; color:#fff\"><span class=\"shariff-icon\" style=\"\"><svg width=\"32px\" height=\"20px\" xmlns=\"http:\/\/www.w3.org\/2000\/svg\" viewBox=\"0 0 32 32\"><path fill=\"#999\" d=\"M32 12.7v14.2q0 1.2-0.8 2t-2 0.9h-26.3q-1.2 0-2-0.9t-0.8-2v-14.2q0.8 0.9 1.8 1.6 6.5 4.4 8.9 6.1 1 0.8 1.6 1.2t1.7 0.9 2 0.4h0.1q0.9 0 2-0.4t1.7-0.9 1.6-1.2q3-2.2 8.9-6.1 1-0.7 1.8-1.6zM32 7.4q0 1.4-0.9 2.7t-2.2 2.2q-6.7 4.7-8.4 5.8-0.2 0.1-0.7 0.5t-1 0.7-0.9 0.6-1.1 0.5-0.9 0.2h-0.1q-0.4 0-0.9-0.2t-1.1-0.5-0.9-0.6-1-0.7-0.7-0.5q-1.6-1.1-4.7-3.2t-3.6-2.6q-1.1-0.7-2.1-2t-1-2.5q0-1.4 0.7-2.3t2.1-0.9h26.3q1.2 0 2 0.8t0.9 2z\"\/><\/svg><\/span><span class=\"shariff-text\">E-Mail<\/span>&nbsp;<\/a><\/li><li class=\"shariff-button info shariff-nocustomcolor\" style=\"background-color:#a8a8a8\"><a href=\"http:\/\/ct.de\/-2467514\" title=\"Weitere Informationen\" aria-label=\"Weitere Informationen\" role=\"button\" rel=\"noopener \" class=\"shariff-link\" style=\"; background-color:#999; color:#fff\" target=\"_blank\"><span class=\"shariff-icon\" style=\"\"><svg width=\"32px\" height=\"20px\" xmlns=\"http:\/\/www.w3.org\/2000\/svg\" viewBox=\"0 0 11 32\"><path fill=\"#999\" d=\"M11.4 24v2.3q0 0.5-0.3 0.8t-0.8 0.4h-9.1q-0.5 0-0.8-0.4t-0.4-0.8v-2.3q0-0.5 0.4-0.8t0.8-0.4h1.1v-6.8h-1.1q-0.5 0-0.8-0.4t-0.4-0.8v-2.3q0-0.5 0.4-0.8t0.8-0.4h6.8q0.5 0 0.8 0.4t0.4 0.8v10.3h1.1q0.5 0 0.8 0.4t0.3 0.8zM9.2 3.4v3.4q0 0.5-0.4 0.8t-0.8 0.4h-4.6q-0.4 0-0.8-0.4t-0.4-0.8v-3.4q0-0.4 0.4-0.8t0.8-0.4h4.6q0.5 0 0.8 0.4t0.4 0.8z\"\/><\/svg><\/span><\/a><\/li><\/ul><\/div>","protected":false},"author":1,"featured_media":3493,"comment_status":"closed","ping_status":"open","sticky":false,"template":"","format":"standard","meta":{"spay_email":""},"categories":[2355],"tags":[5964,2161,5423,2183,5963,5965],"jetpack_featured_media_url":"https:\/\/i1.wp.com\/wolfsmonitor.de\/wp-content\/uploads\/2016\/05\/Beitragsfoto-Heiko-Anders-Aktuell.jpg?fit=654%2C492&ssl=1","jetpack_shortlink":"https:\/\/wp.me\/p61YbU-2kF","jetpack-related-posts":[{"id":7742,"url":"https:\/\/wolfsmonitor.de\/?p=7742","url_meta":{"origin":8969,"position":0},"title":"Abgeschossener Wolf Kurti wird Museumsst\u00fcck","date":"9. Februar 2017","format":false,"excerpt":"Derzeit werde der Wolf \u2013 so ein Sprecher der nieders\u00e4chsischen Naturschutzbeh\u00f6rde NLWKN - pr\u00e4pariert. Der \"ausgestopfte Kurti\" (MT6) soll dann vom 21. Mai bis zum 30. September 2017 im Landesmuseum Hannover in der Ausstellung \u201eDer Wolf \u2013 Ein Wildtier kehrt zur\u00fcck\u201c zu sehen sein. Die Ausstellung, die als Wanderausstellung konzipiert\u2026","rel":"","context":"In &quot;Aufgelesen&quot;","img":{"alt_text":"Foto: Natur- und Wildtierfotograf Heiko Anders","src":"https:\/\/i2.wp.com\/wolfsmonitor.de\/wp-content\/uploads\/2016\/05\/HA-Beitragsfoto-Aufgelesen-1.jpg?fit=654%2C436&ssl=1&resize=350%2C200","width":350,"height":200},"classes":[]},{"id":4293,"url":"https:\/\/wolfsmonitor.de\/?p=4293","url_meta":{"origin":8969,"position":1},"title":"Kurtis T\u00f6tung \u201eletztes Mittel\u201c? \u2013 Staatsanwalt sieht keinen Anfangsverdacht f\u00fcr eine Strafverfolgung!","date":"20. Juli 2016","format":false,"excerpt":"Es wirkt schon etwas seltsam, was der NDR da gestern ver\u00f6ffentlichte. (*1) Etwa 140 Strafanzeigen gingen demzufolge bei der Staatsanwaltschaft Hannover nach der T\u00f6tung des Wolfes MT6 (\u201eKurti\u201c) mit dem Vorwurf ein, das nieders\u00e4chsische Umweltministerium habe das Tier zu Unrecht t\u00f6ten lassen und h\u00e4tte stattdessen andere Ma\u00dfnahmen finden m\u00fcssen. Und\u2026","rel":"","context":"In &quot;Standpunkte&quot;","img":{"alt_text":"Wolf im Tierpark Nordhorn","src":"https:\/\/i1.wp.com\/wolfsmonitor.de\/wp-content\/uploads\/2015\/04\/WM-Kommentar.jpg?fit=512%2C442&ssl=1&resize=350%2C200","width":350,"height":200},"classes":[]},{"id":3234,"url":"https:\/\/wolfsmonitor.de\/?p=3234","url_meta":{"origin":8969,"position":2},"title":"Zum Tode von Wolf \u201eKurti\u201c:","date":"28. April 2016","format":false,"excerpt":"War es wirklich der \u201eWeisheit letzter Schluss?\u201c Man wollte es nach weiteren \u201eNahbegegnungen\" am Wochenende im Ministerium scheinbar nicht weiter verantworten, dass sich ein junger Wolf immer mal wieder Menschen oder deren Hunde ann\u00e4hert. \u00a0 Der mit einem Peilsender versehene Jungwolf aus dem Munsteraner Rudel mit der wissenschaftlichen Bezeichnung \u201eMT6\u201c,\u2026","rel":"","context":"In &quot;Standpunkte&quot;","img":{"alt_text":"Wolf im Tierpark Nordhorn","src":"https:\/\/i0.wp.com\/wolfsmonitor.de\/wp-content\/uploads\/2015\/07\/Foto-Kommentar-2.jpg?fit=586%2C513&ssl=1&resize=350%2C200","width":350,"height":200},"classes":[]},{"id":3227,"url":"https:\/\/wolfsmonitor.de\/?p=3227","url_meta":{"origin":8969,"position":3},"title":"Ministerium informiert: Wolf MT6 (Kurti) ist tot!","date":"28. April 2016","format":false,"excerpt":"Das Nieders\u00e4chsische Umweltministerium (MU) teilt soeben per Presseinfo mit (im Wortlaut): Umweltministerium informiert: Wolf MT6 (Kurti) ist tot! \"Das Nieders\u00e4chsische Ministerium f\u00fcr Umwelt, Energie und Klimaschutz hat dar\u00fcber informiert, dass der besenderte Wolf aus dem Munsteraner Rudel (MT6) tot ist. Entsprechend der Anordnung des Ministeriums wurde das Tier am Mittwochabend\u2026","rel":"","context":"In &quot;Aktuell&quot;","img":{"alt_text":"Wolf (Foto: Vogler)","src":"https:\/\/i1.wp.com\/wolfsmonitor.de\/wp-content\/uploads\/2016\/04\/Beitragsfoto-Aktuell-2.jpg?fit=734%2C521&ssl=1&resize=350%2C200","width":350,"height":200},"classes":[]},{"id":11114,"url":"https:\/\/wolfsmonitor.de\/?p=11114","url_meta":{"origin":8969,"position":4},"title":"Ausgestopfter \u201eKurti\u201c nun im L\u00fcneburger Museum zu sehen","date":"31. Oktober 2017","format":false,"excerpt":"\u201eGr\u00fcndlicher kann man sich nicht an der Sch\u00f6pfung r\u00e4chen als mit einem solchen Pr\u00e4parat.\u201c An genau diese Zeile aus dem neuen und lesenswerten Buch \u201eWolfsf\u00e4hrten\u201c von Andreas Beerlage (hier!), die der Autor eigentlich dem 1904 in der Lausitz erschossenen \u201eTiger von Sabrodt\u201c widmete, musste ich denken, als ich nun das\u2026","rel":"","context":"In &quot;Aufgelesen&quot;","img":{"alt_text":"Foto: Natur- und Wildtierfotograf Heiko Anders","src":"https:\/\/i2.wp.com\/wolfsmonitor.de\/wp-content\/uploads\/2016\/05\/HA-Beitragsfoto-Aufgelesen-1.jpg?fit=654%2C436&ssl=1&resize=350%2C200","width":350,"height":200},"classes":[]},{"id":4255,"url":"https:\/\/wolfsmonitor.de\/?p=4255","url_meta":{"origin":8969,"position":5},"title":"Wird umfangreiches Fotomaterial \u00fcber fr\u00fche Menschenkontakte der Munsteraner Jungw\u00f6lfe zur\u00fcckgehalten?","date":"15. Juli 2016","format":false,"excerpt":"Sollte tats\u00e4chlich stimmen (und da gibt es eigentlich kaum Zweifel), was NDR-Redakteurin Ulrike Kressel gestern in ihrem Artikel \u00fcber das unter Verschluss gehaltene Fotomaterial aus dem Jahr 2014 - das Distanzlosigkeiten von Menschen gegen\u00fcber W\u00f6lfen des Munsteraner Rudels w\u00e4hrend ihres Heranwachsens zeigen soll \u2013 schreibt, liegt damit nun endlich ein\u2026","rel":"","context":"In &quot;Standpunkte&quot;","img":{"alt_text":"Wolf im Tierpark Nordhorn","src":"https:\/\/i1.wp.com\/wolfsmonitor.de\/wp-content\/uploads\/2015\/04\/WM-Kommentar.jpg?fit=512%2C442&ssl=1&resize=350%2C200","width":350,"height":200},"classes":[]}],"_links":{"self":[{"href":"https:\/\/wolfsmonitor.de\/index.php?rest_route=\/wp\/v2\/posts\/8969"}],"collection":[{"href":"https:\/\/wolfsmonitor.de\/index.php?rest_route=\/wp\/v2\/posts"}],"about":[{"href":"https:\/\/wolfsmonitor.de\/index.php?rest_route=\/wp\/v2\/types\/post"}],"author":[{"embeddable":true,"href":"https:\/\/wolfsmonitor.de\/index.php?rest_route=\/wp\/v2\/users\/1"}],"replies":[{"embeddable":true,"href":"https:\/\/wolfsmonitor.de\/index.php?rest_route=%2Fwp%2Fv2%2Fcomments&post=8969"}],"version-history":[{"count":7,"href":"https:\/\/wolfsmonitor.de\/index.php?rest_route=\/wp\/v2\/posts\/8969\/revisions"}],"predecessor-version":[{"id":8979,"href":"https:\/\/wolfsmonitor.de\/index.php?rest_route=\/wp\/v2\/posts\/8969\/revisions\/8979"}],"wp:featuredmedia":[{"embeddable":true,"href":"https:\/\/wolfsmonitor.de\/index.php?rest_route=\/wp\/v2\/media\/3493"}],"wp:attachment":[{"href":"https:\/\/wolfsmonitor.de\/index.php?rest_route=%2Fwp%2Fv2%2Fmedia&parent=8969"}],"wp:term":[{"taxonomy":"category","embeddable":true,"href":"https:\/\/wolfsmonitor.de\/index.php?rest_route=%2Fwp%2Fv2%2Fcategories&post=8969"},{"taxonomy":"post_tag","embeddable":true,"href":"https:\/\/wolfsmonitor.de\/index.php?rest_route=%2Fwp%2Fv2%2Ftags&post=8969"}],"curies":[{"name":"wp","href":"https:\/\/api.w.org\/{rel}","templated":true}]}}