{"id":9620,"date":"2017-07-13T21:14:07","date_gmt":"2017-07-13T19:14:07","guid":{"rendered":"http:\/\/wolfsmonitor.de\/?p=9620"},"modified":"2018-05-05T14:26:02","modified_gmt":"2018-05-05T12:26:02","slug":"sachsen-anhalt-als-tiger-gestartet-77-fragen-zum-wolf","status":"publish","type":"post","link":"https:\/\/wolfsmonitor.de\/?p=9620","title":{"rendered":"Sachsen-Anhalt: Als Tiger gestartet &#8211; 77 Fragen zum Wolf"},"content":{"rendered":"<p><strong>Die CDU-Landtagsfraktion in Sachsen-Anhalt erstellte nun unter der <em>\u201eZuarbeit vieler Experten aus unseren Reihen\u201c <\/em>(\u2026so der gelernte Sport- und Sozialkundelehrer Carsten Borchert, der unter anderem sportpolitischer Sprecher der CDU-Fraktion im dortigen Landtag ist, gegen\u00fcber der Altmark-Zeitung) \u2013 (*1) einen Fragenkatalog mit 77 Fragen zum Thema Wolf. <\/strong><!--more--><\/p>\n<p>Die sogenannte \u201eGro\u00dfe Anfrage\u201c, so die Hoffnung der Landtagsabgeordneten, werde als &#8222;Paukenschlag\u201c wegen ihrer Tragweite auch die Bundespolitik, die Bundesbeh\u00f6rden sowie die Europapolitik besch\u00e4ftigen.<\/p>\n<p>Den Kern der Fragestellungen bilden dabei offenbar das &#8222;Konfliktpotenzial zwischen Mensch und Beutegreifer&#8220; und die wachsenden \u201efinanziellen Aufwendungen\u201c, welche von \u201eprivaten und \u00f6ffentlichen Kostentr\u00e4gern zu schultern\u201c seien.<\/p>\n<p>Das mit den &#8222;finanziellen Aufwendungen&#8220; h\u00e4tten sich Borchert und seine Kollegen jedoch vielleicht besser vorher \u00fcberlegen sollen. Denn sie sind nicht die ersten Landtagsabgeordneten in Deutschland, die eine &#8222;Gro\u00dfe Anfrage&#8220; zum heimischen Grauwolf formulierten und glauben, damit etwas von europ\u00e4ischer Tragweite erschaffen zu haben.<\/p>\n<p>Sie m\u00fcssen sich andersherum von ihren W\u00e4hlern deshalb nun fragen lassen, ob dieser Schritt nicht \u00fcberfl\u00fcssig und die zus\u00e4tzlichen &#8222;finanziellen Aufwendungen&#8220; nicht sogar vermeidbar gewesen w\u00e4ren, denn europ\u00e4ische Grauw\u00f6lfe d\u00fcrften in Sachsen-Anhalt grunds\u00e4tzlich nicht anders \u201eticken\u201c als europ\u00e4ische Grauw\u00f6lfe in Niedersachsen. Die Erkenntnisse und Antworten beider &#8222;Anfragen&#8220; d\u00fcrften sich &#8211; so ist zu erwarten &#8211; deshalb nicht gro\u00dfartig voneinander unterscheiden.<\/p>\n<p>Denn in Niedersachsen war es im letzten Jahr die Landes-FDP, die sogar 83 Fragen an die dortige Landesregierung stellte. Das Ergebnis: die Abgeordneten der FDP waren genauso erwartungsvoll und gro\u00dfspurig als \u201eTiger\u201c gestartet, nach der Beantwortung der Fragen durch die Landesregierung jedoch als \u201eBettvorleger\u201c gelandet, weil man sie sachlich und emotionslos auf den Boden der Tatsachen zur\u00fcckgeholt hatte.<\/p>\n<p>\u00c4hnlich \u2013 so ist zu erwarten \u2013 d\u00fcrfte es nun auch Carsten Borchert und seinen CDU-Abgeordnetenkollegen gehen. Das Ganze ist allerdings noch eine Spur peinlicher.<\/p>\n<p>Denn sie, die nun die 77 Fragen verfasst und adressiert haben, sind gleichzeitig Teil der bestehenden Landesregierung in Sachsen-Anhalt. Damit besch\u00e4ftigt man sich augenscheinlich mit sich selbst\u2026da wei\u00df man schlie\u00dflich, was man hat!<\/p>\n<p>Klingt wie eine Provinzposse, oder?<\/p>\n<p>Herzlichst<\/p>\n<p>Ihr<\/p>\n<p>J\u00fcrgen Vogler<\/p>\n<hr \/>\n<p>P.S.: Wer tats\u00e4chlich glaubt, die Ausgaben f\u00fcr den Herdenschutz (Pr\u00e4ventionsma\u00dfnahmen und Schadensausgleich) oder wie es oben hei\u00dft, die \u201efinanziellen Aufwendungen\u201c seien in Deutschland daf\u00fcr zu hoch, sollte sich hin und wieder vergegenw\u00e4rtigen, wof\u00fcr in diesem Land Steuergeld ausgegeben wird. Zum Beispiel zur Unterst\u00fctzung einer U-Boot-Lieferung an einen befreundeten Staat. Immerhin mit einem &#8222;Zuschuss&#8220; von 500 Millionen EUR versehen\u2026. Steuergelder wohlgemerkt. Ohne \u201ekleine\u201c oder \u201egro\u00dfe\u201c Anfrage\u2026.(*2)<\/p>\n<hr \/>\n<p><span style=\"text-decoration: underline;\"><em>Quellen:<\/em><\/span><\/p>\n<p><em>(*1) Altmark-Zeitung: 77 Fragen mit Z\u00fcndstoff von Kai Zuber, abgerufen am 13.7.2017<\/em><\/p>\n<p><em>(*2) n-tv.de vom 30. Juni 2017: <\/em><span class=\"headline\"><em>Berlin liefert Israel weitere U-Boote, abgerufen am 13.7.2017, <span style=\"color: #0000ff;\"><a style=\"color: #0000ff;\" href=\"http:\/\/www.n-tv.de\/politik\/Berlin-liefert-Israel-weitere-U-Boote-article19915393.html\" target=\"_blank\">hier der Link!<\/a><\/span><\/em><br \/>\n<\/span><\/p>\n<p><em><span style=\"text-decoration: underline;\">Au\u00dferdem:<\/span> Landtag Sachsen-Anhalt, Drucksachen: Drucksache 7\/1644 Gro\u00dfe Anfrage vom 11.7.2017, abgerufen am 13.7.2017, <span style=\"color: #0000ff;\"><a style=\"color: #0000ff;\" href=\"http:\/\/www.landtag.sachsen-anhalt.de\/dokumente\/aktuelle-dokumente\/drucksachen\/\" target=\"_blank\">hier der Linkl!<\/a><\/span><\/em><\/p>\n<p>&nbsp;<\/p>\n<div class=\"shariff shariff-align-center shariff-widget-align-center\" data-services=\"facebook%7Ctwitter\" data-url=\"https%3A%2F%2Fwolfsmonitor.de%2F%3Fp%3D9620\" data-timestamp=\"1525530362\" data-backendurl=\"?rest_route=\/shariff\/v1\/share_counts&\"><ul class=\"shariff-buttons theme-color orientation-horizontal buttonsize-small\"><li class=\"shariff-button facebook shariff-nocustomcolor\" style=\"background-color:#4273c8\"><a href=\"https:\/\/www.facebook.com\/sharer\/sharer.php?u=https%3A%2F%2Fwolfsmonitor.de%2F%3Fp%3D9620\" title=\"Bei Facebook teilen\" aria-label=\"Bei Facebook teilen\" role=\"button\" rel=\"nofollow\" class=\"shariff-link\" style=\"; background-color:#3b5998; color:#fff\" target=\"_blank\"><span class=\"shariff-icon\" style=\"\"><svg width=\"32px\" height=\"20px\" xmlns=\"http:\/\/www.w3.org\/2000\/svg\" viewBox=\"0 0 18 32\"><path fill=\"#3b5998\" d=\"M17.1 0.2v4.7h-2.8q-1.5 0-2.1 0.6t-0.5 1.9v3.4h5.2l-0.7 5.3h-4.5v13.6h-5.5v-13.6h-4.5v-5.3h4.5v-3.9q0-3.3 1.9-5.2t5-1.8q2.6 0 4.1 0.2z\"\/><\/svg><\/span><span class=\"shariff-text\">teilen<\/span>&nbsp;<span data-service=\"facebook\" style=\"color:#3b5998\" class=\"shariff-count shariff-hidezero\"><\/span>&nbsp;<\/a><\/li><li class=\"shariff-button twitter shariff-nocustomcolor\" style=\"background-color:#32bbf5\"><a href=\"https:\/\/twitter.com\/share?url=https%3A%2F%2Fwolfsmonitor.de%2F%3Fp%3D9620&text=Sachsen-Anhalt%3A%20Als%20Tiger%20gestartet%20%E2%80%93%2077%20Fragen%20zum%20Wolf\" title=\"Bei Twitter teilen\" aria-label=\"Bei Twitter teilen\" role=\"button\" rel=\"noopener nofollow\" class=\"shariff-link\" style=\"; background-color:#55acee; color:#fff\" target=\"_blank\"><span class=\"shariff-icon\" style=\"\"><svg width=\"32px\" height=\"20px\" xmlns=\"http:\/\/www.w3.org\/2000\/svg\" viewBox=\"0 0 30 32\"><path fill=\"#55acee\" d=\"M29.7 6.8q-1.2 1.8-3 3.1 0 0.3 0 0.8 0 2.5-0.7 4.9t-2.2 4.7-3.5 4-4.9 2.8-6.1 1q-5.1 0-9.3-2.7 0.6 0.1 1.5 0.1 4.3 0 7.6-2.6-2-0.1-3.5-1.2t-2.2-3q0.6 0.1 1.1 0.1 0.8 0 1.6-0.2-2.1-0.4-3.5-2.1t-1.4-3.9v-0.1q1.3 0.7 2.8 0.8-1.2-0.8-2-2.2t-0.7-2.9q0-1.7 0.8-3.1 2.3 2.8 5.5 4.5t7 1.9q-0.2-0.7-0.2-1.4 0-2.5 1.8-4.3t4.3-1.8q2.7 0 4.5 1.9 2.1-0.4 3.9-1.5-0.7 2.2-2.7 3.4 1.8-0.2 3.5-0.9z\"\/><\/svg><\/span><span class=\"shariff-text\">twittern<\/span>&nbsp;<span data-service=\"twitter\" style=\"color:#55acee\" class=\"shariff-count shariff-hidezero\"><\/span>&nbsp;<\/a><\/li><li class=\"shariff-button rss shariff-nocustomcolor\" style=\"background-color:#ff8c00\"><a href=\"https:\/\/wolfsmonitor.de\/?feed=rss\" title=\"RSS-feed\" aria-label=\"RSS-feed\" role=\"button\" class=\"shariff-link\" style=\"; background-color:#fe9312; color:#fff\" target=\"_blank\"><span class=\"shariff-icon\" style=\"\"><svg width=\"32px\" height=\"20px\" xmlns=\"http:\/\/www.w3.org\/2000\/svg\" viewBox=\"0 0 32 32\"><path fill=\"#fe9312\" d=\"M4.3 23.5c-2.3 0-4.3 1.9-4.3 4.3 0 2.3 1.9 4.2 4.3 4.2 2.4 0 4.3-1.9 4.3-4.2 0-2.3-1.9-4.3-4.3-4.3zM0 10.9v6.1c4 0 7.7 1.6 10.6 4.4 2.8 2.8 4.4 6.6 4.4 10.6h6.2c0-11.7-9.5-21.1-21.1-21.1zM0 0v6.1c14.2 0 25.8 11.6 25.8 25.9h6.2c0-17.6-14.4-32-32-32z\"\/><\/svg><\/span><span class=\"shariff-text\">RSS-feed<\/span>&nbsp;<\/a><\/li><li class=\"shariff-button mailto shariff-nocustomcolor\" style=\"background-color:#a8a8a8\"><a href=\"mailto:?body=https%3A%2F%2Fwolfsmonitor.de%2F%3Fp%3D9620&subject=Sachsen-Anhalt%3A%20Als%20Tiger%20gestartet%20%E2%80%93%2077%20Fragen%20zum%20Wolf\" title=\"Per E-Mail versenden\" aria-label=\"Per E-Mail versenden\" role=\"button\" rel=\"noopener nofollow\" class=\"shariff-link\" style=\"; background-color:#999; color:#fff\"><span class=\"shariff-icon\" style=\"\"><svg width=\"32px\" height=\"20px\" xmlns=\"http:\/\/www.w3.org\/2000\/svg\" viewBox=\"0 0 32 32\"><path fill=\"#999\" d=\"M32 12.7v14.2q0 1.2-0.8 2t-2 0.9h-26.3q-1.2 0-2-0.9t-0.8-2v-14.2q0.8 0.9 1.8 1.6 6.5 4.4 8.9 6.1 1 0.8 1.6 1.2t1.7 0.9 2 0.4h0.1q0.9 0 2-0.4t1.7-0.9 1.6-1.2q3-2.2 8.9-6.1 1-0.7 1.8-1.6zM32 7.4q0 1.4-0.9 2.7t-2.2 2.2q-6.7 4.7-8.4 5.8-0.2 0.1-0.7 0.5t-1 0.7-0.9 0.6-1.1 0.5-0.9 0.2h-0.1q-0.4 0-0.9-0.2t-1.1-0.5-0.9-0.6-1-0.7-0.7-0.5q-1.6-1.1-4.7-3.2t-3.6-2.6q-1.1-0.7-2.1-2t-1-2.5q0-1.4 0.7-2.3t2.1-0.9h26.3q1.2 0 2 0.8t0.9 2z\"\/><\/svg><\/span><span class=\"shariff-text\">E-Mail<\/span>&nbsp;<\/a><\/li><li class=\"shariff-button info shariff-nocustomcolor\" style=\"background-color:#a8a8a8\"><a href=\"http:\/\/ct.de\/-2467514\" title=\"Weitere Informationen\" aria-label=\"Weitere Informationen\" role=\"button\" rel=\"noopener \" class=\"shariff-link\" style=\"; background-color:#999; color:#fff\" target=\"_blank\"><span class=\"shariff-icon\" style=\"\"><svg width=\"32px\" height=\"20px\" xmlns=\"http:\/\/www.w3.org\/2000\/svg\" viewBox=\"0 0 11 32\"><path fill=\"#999\" d=\"M11.4 24v2.3q0 0.5-0.3 0.8t-0.8 0.4h-9.1q-0.5 0-0.8-0.4t-0.4-0.8v-2.3q0-0.5 0.4-0.8t0.8-0.4h1.1v-6.8h-1.1q-0.5 0-0.8-0.4t-0.4-0.8v-2.3q0-0.5 0.4-0.8t0.8-0.4h6.8q0.5 0 0.8 0.4t0.4 0.8v10.3h1.1q0.5 0 0.8 0.4t0.3 0.8zM9.2 3.4v3.4q0 0.5-0.4 0.8t-0.8 0.4h-4.6q-0.4 0-0.8-0.4t-0.4-0.8v-3.4q0-0.4 0.4-0.8t0.8-0.4h4.6q0.5 0 0.8 0.4t0.4 0.8z\"\/><\/svg><\/span><\/a><\/li><\/ul><\/div>","protected":false},"excerpt":{"rendered":"<p>Die CDU-Landtagsfraktion in Sachsen-Anhalt erstellte nun unter der \u201eZuarbeit vieler Experten aus unseren Reihen\u201c (\u2026so der gelernte Sport- und Sozialkundelehrer Carsten Borchert, der unter anderem sportpolitischer Sprecher der CDU-Fraktion im dortigen Landtag ist, gegen\u00fcber der Altmark-Zeitung) \u2013 (*1) einen Fragenkatalog mit 77 Fragen zum Thema Wolf.<\/p>\n<div class=\"shariff shariff-align-center shariff-widget-align-center\" data-services=\"facebook%7Ctwitter\" data-url=\"https%3A%2F%2Fwolfsmonitor.de%2F%3Fp%3D9620\" data-timestamp=\"1525530362\" data-backendurl=\"?rest_route=\/shariff\/v1\/share_counts&\"><ul class=\"shariff-buttons theme-color orientation-horizontal buttonsize-small\"><li class=\"shariff-button facebook shariff-nocustomcolor\" style=\"background-color:#4273c8\"><a href=\"https:\/\/www.facebook.com\/sharer\/sharer.php?u=https%3A%2F%2Fwolfsmonitor.de%2F%3Fp%3D9620\" title=\"Bei Facebook teilen\" aria-label=\"Bei Facebook teilen\" role=\"button\" rel=\"nofollow\" class=\"shariff-link\" style=\"; background-color:#3b5998; color:#fff\" target=\"_blank\"><span class=\"shariff-icon\" style=\"\"><svg width=\"32px\" height=\"20px\" xmlns=\"http:\/\/www.w3.org\/2000\/svg\" viewBox=\"0 0 18 32\"><path fill=\"#3b5998\" d=\"M17.1 0.2v4.7h-2.8q-1.5 0-2.1 0.6t-0.5 1.9v3.4h5.2l-0.7 5.3h-4.5v13.6h-5.5v-13.6h-4.5v-5.3h4.5v-3.9q0-3.3 1.9-5.2t5-1.8q2.6 0 4.1 0.2z\"\/><\/svg><\/span><span class=\"shariff-text\">teilen<\/span>&nbsp;<span data-service=\"facebook\" style=\"color:#3b5998\" class=\"shariff-count shariff-hidezero\"><\/span>&nbsp;<\/a><\/li><li class=\"shariff-button twitter shariff-nocustomcolor\" style=\"background-color:#32bbf5\"><a href=\"https:\/\/twitter.com\/share?url=https%3A%2F%2Fwolfsmonitor.de%2F%3Fp%3D9620&text=Sachsen-Anhalt%3A%20Als%20Tiger%20gestartet%20%E2%80%93%2077%20Fragen%20zum%20Wolf\" title=\"Bei Twitter teilen\" aria-label=\"Bei Twitter teilen\" role=\"button\" rel=\"noopener nofollow\" class=\"shariff-link\" style=\"; background-color:#55acee; color:#fff\" target=\"_blank\"><span class=\"shariff-icon\" style=\"\"><svg width=\"32px\" height=\"20px\" xmlns=\"http:\/\/www.w3.org\/2000\/svg\" viewBox=\"0 0 30 32\"><path fill=\"#55acee\" d=\"M29.7 6.8q-1.2 1.8-3 3.1 0 0.3 0 0.8 0 2.5-0.7 4.9t-2.2 4.7-3.5 4-4.9 2.8-6.1 1q-5.1 0-9.3-2.7 0.6 0.1 1.5 0.1 4.3 0 7.6-2.6-2-0.1-3.5-1.2t-2.2-3q0.6 0.1 1.1 0.1 0.8 0 1.6-0.2-2.1-0.4-3.5-2.1t-1.4-3.9v-0.1q1.3 0.7 2.8 0.8-1.2-0.8-2-2.2t-0.7-2.9q0-1.7 0.8-3.1 2.3 2.8 5.5 4.5t7 1.9q-0.2-0.7-0.2-1.4 0-2.5 1.8-4.3t4.3-1.8q2.7 0 4.5 1.9 2.1-0.4 3.9-1.5-0.7 2.2-2.7 3.4 1.8-0.2 3.5-0.9z\"\/><\/svg><\/span><span class=\"shariff-text\">twittern<\/span>&nbsp;<span data-service=\"twitter\" style=\"color:#55acee\" class=\"shariff-count shariff-hidezero\"><\/span>&nbsp;<\/a><\/li><li class=\"shariff-button rss shariff-nocustomcolor\" style=\"background-color:#ff8c00\"><a href=\"https:\/\/wolfsmonitor.de\/?feed=rss\" title=\"RSS-feed\" aria-label=\"RSS-feed\" role=\"button\" class=\"shariff-link\" style=\"; background-color:#fe9312; color:#fff\" target=\"_blank\"><span class=\"shariff-icon\" style=\"\"><svg width=\"32px\" height=\"20px\" xmlns=\"http:\/\/www.w3.org\/2000\/svg\" viewBox=\"0 0 32 32\"><path fill=\"#fe9312\" d=\"M4.3 23.5c-2.3 0-4.3 1.9-4.3 4.3 0 2.3 1.9 4.2 4.3 4.2 2.4 0 4.3-1.9 4.3-4.2 0-2.3-1.9-4.3-4.3-4.3zM0 10.9v6.1c4 0 7.7 1.6 10.6 4.4 2.8 2.8 4.4 6.6 4.4 10.6h6.2c0-11.7-9.5-21.1-21.1-21.1zM0 0v6.1c14.2 0 25.8 11.6 25.8 25.9h6.2c0-17.6-14.4-32-32-32z\"\/><\/svg><\/span><span class=\"shariff-text\">RSS-feed<\/span>&nbsp;<\/a><\/li><li class=\"shariff-button mailto shariff-nocustomcolor\" style=\"background-color:#a8a8a8\"><a href=\"mailto:?body=https%3A%2F%2Fwolfsmonitor.de%2F%3Fp%3D9620&subject=Sachsen-Anhalt%3A%20Als%20Tiger%20gestartet%20%E2%80%93%2077%20Fragen%20zum%20Wolf\" title=\"Per E-Mail versenden\" aria-label=\"Per E-Mail versenden\" role=\"button\" rel=\"noopener nofollow\" class=\"shariff-link\" style=\"; background-color:#999; color:#fff\"><span class=\"shariff-icon\" style=\"\"><svg width=\"32px\" height=\"20px\" xmlns=\"http:\/\/www.w3.org\/2000\/svg\" viewBox=\"0 0 32 32\"><path fill=\"#999\" d=\"M32 12.7v14.2q0 1.2-0.8 2t-2 0.9h-26.3q-1.2 0-2-0.9t-0.8-2v-14.2q0.8 0.9 1.8 1.6 6.5 4.4 8.9 6.1 1 0.8 1.6 1.2t1.7 0.9 2 0.4h0.1q0.9 0 2-0.4t1.7-0.9 1.6-1.2q3-2.2 8.9-6.1 1-0.7 1.8-1.6zM32 7.4q0 1.4-0.9 2.7t-2.2 2.2q-6.7 4.7-8.4 5.8-0.2 0.1-0.7 0.5t-1 0.7-0.9 0.6-1.1 0.5-0.9 0.2h-0.1q-0.4 0-0.9-0.2t-1.1-0.5-0.9-0.6-1-0.7-0.7-0.5q-1.6-1.1-4.7-3.2t-3.6-2.6q-1.1-0.7-2.1-2t-1-2.5q0-1.4 0.7-2.3t2.1-0.9h26.3q1.2 0 2 0.8t0.9 2z\"\/><\/svg><\/span><span class=\"shariff-text\">E-Mail<\/span>&nbsp;<\/a><\/li><li class=\"shariff-button info shariff-nocustomcolor\" style=\"background-color:#a8a8a8\"><a href=\"http:\/\/ct.de\/-2467514\" title=\"Weitere Informationen\" aria-label=\"Weitere Informationen\" role=\"button\" rel=\"noopener \" class=\"shariff-link\" style=\"; background-color:#999; color:#fff\" target=\"_blank\"><span class=\"shariff-icon\" style=\"\"><svg width=\"32px\" height=\"20px\" xmlns=\"http:\/\/www.w3.org\/2000\/svg\" viewBox=\"0 0 11 32\"><path fill=\"#999\" d=\"M11.4 24v2.3q0 0.5-0.3 0.8t-0.8 0.4h-9.1q-0.5 0-0.8-0.4t-0.4-0.8v-2.3q0-0.5 0.4-0.8t0.8-0.4h1.1v-6.8h-1.1q-0.5 0-0.8-0.4t-0.4-0.8v-2.3q0-0.5 0.4-0.8t0.8-0.4h6.8q0.5 0 0.8 0.4t0.4 0.8v10.3h1.1q0.5 0 0.8 0.4t0.3 0.8zM9.2 3.4v3.4q0 0.5-0.4 0.8t-0.8 0.4h-4.6q-0.4 0-0.8-0.4t-0.4-0.8v-3.4q0-0.4 0.4-0.8t0.8-0.4h4.6q0.5 0 0.8 0.4t0.4 0.8z\"\/><\/svg><\/span><\/a><\/li><\/ul><\/div>","protected":false},"author":1,"featured_media":2844,"comment_status":"closed","ping_status":"open","sticky":false,"template":"","format":"standard","meta":{"spay_email":""},"categories":[2355],"tags":[6307,4461,6308,6310,6309,1123,43,105],"jetpack_featured_media_url":"https:\/\/i0.wp.com\/wolfsmonitor.de\/wp-content\/uploads\/2016\/03\/Beitragsfoto-Aktuell.jpg?fit=592%2C507&ssl=1","jetpack_shortlink":"https:\/\/wp.me\/p61YbU-2va","jetpack-related-posts":[{"id":8295,"url":"https:\/\/wolfsmonitor.de\/?p=8295","url_meta":{"origin":9620,"position":0},"title":"Sachsen-Anhalt: Kl\u00f6tzer Abgeordneter fordert Abschusspr\u00e4mie f\u00fcr W\u00f6lfe","date":"5. April 2017","format":false,"excerpt":"Kl\u00f6tze ist eine Stadt im Altmarkkreis Salzwedel in Sachsen-Anhalt. Treue Wolfsmonitor- Leserinnen und Leser kennen diesen 11.000-Seelen-Ort bereits (aus diesem Anlass...). Nun forderte laut AZ-Online der dortige CDU-Landtagsabgeordnete Uwe Harms, \u201eals letzten von mehreren Schritten\" eine Abschusspr\u00e4mie f\u00fcr J\u00e4ger, die den Wolfsbestand regulieren. Selbst bei einer Wolfsregulierung mit der Waffe,\u2026","rel":"","context":"In &quot;Aktuell&quot;","img":{"alt_text":"Wolf (Foto: Naturfotograf Heiko Anders)","src":"https:\/\/i1.wp.com\/wolfsmonitor.de\/wp-content\/uploads\/2016\/05\/Beitragsfoto-Heiko-Anders-Aktuell.jpg?fit=654%2C492&ssl=1&resize=350%2C200","width":350,"height":200},"classes":[]},{"id":5969,"url":"https:\/\/wolfsmonitor.de\/?p=5969","url_meta":{"origin":9620,"position":1},"title":"Sachsen-Anhalt: Kritik an Isegrim zur\u00fcckgespielt","date":"12. November 2016","format":false,"excerpt":"\u201eStendal. Seit er da ist, steht Isegrim in der Kritik\u201c, beginnt Kai Hasse von der \u201eAllgemeine Zeitung\u201c einen Artikel, in dem er darlegt, dass die beiden Landespolitiker Detlef Radke und Guido Heuer den R\u00fcckkehrer Wolf f\u00fcr allerlei direkte und indirekte landwirtschaftliche Sch\u00e4den in Sachsen-Anhalt verantwortlich machen. Ihr Vorwurf: Sich \u00e4ngstlich\u2026","rel":"","context":"In &quot;Aufgelesen&quot;","img":{"alt_text":"Wolf im Tierpark Nordhorn","src":"https:\/\/i1.wp.com\/wolfsmonitor.de\/wp-content\/uploads\/2015\/09\/Beitragsfoto-Aufgelesen-2.te-Fassung.jpg?fit=581%2C520&ssl=1&resize=350%2C200","width":350,"height":200},"classes":[]},{"id":7326,"url":"https:\/\/wolfsmonitor.de\/?p=7326","url_meta":{"origin":9620,"position":2},"title":"\"Das Weltklima retten, aber keinen Platz, kein Geld und keine L\u00f6sungen f\u00fcr Wolf und Biber.\"","date":"28. Januar 2017","format":false,"excerpt":"Den W\u00f6lfen in Deutschland selbst d\u00fcrfte es letztlich egal sein, wer ihnen an den Pelz oder wer sie sch\u00fctzen will. Zumindest solange die nationalen und internationalen Artenschutzbestimmungen greifen. Dass nun aber ausgerechnet der Sprecher der AfD-Fraktion, Hannes Loth*, f\u00fcr den Wolf und gegen die Christdemokraten in Sachsen-Anhalt in die Bresche\u2026","rel":"","context":"In &quot;Hintergr\u00fcnde&quot;","img":{"alt_text":"Foto: Tierfotograf Heiko Anders","src":"https:\/\/i0.wp.com\/wolfsmonitor.de\/wp-content\/uploads\/2016\/05\/HA-Beitragsfoto-Hintergr\u00fcnde-2.jpg?fit=632%2C472&ssl=1&resize=350%2C200","width":350,"height":200},"classes":[]},{"id":17121,"url":"https:\/\/wolfsmonitor.de\/?p=17121","url_meta":{"origin":9620,"position":3},"title":"Sachsen-Anhalt: Umfrage zum Wolf - dumm gelaufen\u2026","date":"24. April 2019","format":false,"excerpt":"Noch eine Umfrage. Dieses Mal parteipolitisch gef\u00e4rbt. Erstaunlich dabei: Trotz eindeutiger Suggestivfragen - ich habe selbst an der Umfrage teilgenommen - kommt die eindeutig \"gef\u00e4rbte\" CDU-Befragung zu dem Ergebnis, dass 53 Prozent der Befragten Sachsen-Anhaltiner die Wiederansiedlung des Wolfes f\u00fcr wichtig halten. Ich selbst h\u00e4tte, den suggestiblen Fragestellungen zur Folge,\u2026","rel":"","context":"In &quot;Nachrichten&quot;","img":{"alt_text":"","src":"https:\/\/i0.wp.com\/wolfsmonitor.de\/wp-content\/uploads\/2016\/11\/B-Foto-H.A.-Nachrichten-2.jpg?fit=767%2C574&ssl=1&resize=350%2C200","width":350,"height":200},"classes":[]},{"id":13217,"url":"https:\/\/wolfsmonitor.de\/?p=13217","url_meta":{"origin":9620,"position":4},"title":"Stader Resolution","date":"15. April 2018","format":false,"excerpt":"\u201eUnter den Blinden ist der Ein\u00e4ugige K\u00f6nig\u201c, hei\u00dft ein bekanntes Sprichwort. Doch leider wird nicht eindeutig klar ob das, was die agrarpolitischen Sprecher der CDU-Fraktionen in den Bundesl\u00e4ndern in dieser Woche auf einer gemeinsamen Klausurtagung in Stade hervorbrachten und als sogenannte \u201eStader Resolution\u201c bezeichneten, eher blind oder ein\u00e4ugig genannt werden\u2026","rel":"","context":"In &quot;Hintergr\u00fcnde&quot;","img":{"alt_text":"Foto: Wildtierfotograf Heiko Anders","src":"https:\/\/i2.wp.com\/wolfsmonitor.de\/wp-content\/uploads\/2016\/05\/HA-Beitragsfoto-Hintergr\u00fcnde-1.jpg?fit=625%2C474&ssl=1&resize=350%2C200","width":350,"height":200},"classes":[]},{"id":9567,"url":"https:\/\/wolfsmonitor.de\/?p=9567","url_meta":{"origin":9620,"position":5},"title":"W\u00f6lfe ins Jagdrecht? - h\u00e4tte weiterhin keine alleinige Zust\u00e4ndigkeit der Jagdverantwortlichen bei Unf\u00e4llen mit W\u00f6lfen zur Folge","date":"9. Juli 2017","format":false,"excerpt":"Welche Auswirkungen h\u00e4tte eine \u00dcbernahme der W\u00f6lfe in das Jagdrecht bei ganzj\u00e4hriger Schonzeit speziell f\u00fcr die J\u00e4ger? J\u00fcrgen Barth, Landtagsabgeordneter der SPD in Sachsen-Anhalt stellte eine entsprechende kleine Anfrage an die Landesregierung. Das Ministerium f\u00fcr Umwelt, Landwirtschaft und Energie antwortete nun wie folgt (im Wortlaut): \"Rechtliche Auswirkungen f\u00fcr die J\u00e4ger\u2026","rel":"","context":"In &quot;Hintergr\u00fcnde&quot;","img":{"alt_text":"Wolf im Tierpark Nordhorn","src":"https:\/\/i2.wp.com\/wolfsmonitor.de\/wp-content\/uploads\/2015\/09\/Beitragsfoto-Hintergr\u00fcnde.jpg?fit=572%2C508&ssl=1&resize=350%2C200","width":350,"height":200},"classes":[]}],"_links":{"self":[{"href":"https:\/\/wolfsmonitor.de\/index.php?rest_route=\/wp\/v2\/posts\/9620"}],"collection":[{"href":"https:\/\/wolfsmonitor.de\/index.php?rest_route=\/wp\/v2\/posts"}],"about":[{"href":"https:\/\/wolfsmonitor.de\/index.php?rest_route=\/wp\/v2\/types\/post"}],"author":[{"embeddable":true,"href":"https:\/\/wolfsmonitor.de\/index.php?rest_route=\/wp\/v2\/users\/1"}],"replies":[{"embeddable":true,"href":"https:\/\/wolfsmonitor.de\/index.php?rest_route=%2Fwp%2Fv2%2Fcomments&post=9620"}],"version-history":[{"count":10,"href":"https:\/\/wolfsmonitor.de\/index.php?rest_route=\/wp\/v2\/posts\/9620\/revisions"}],"predecessor-version":[{"id":9639,"href":"https:\/\/wolfsmonitor.de\/index.php?rest_route=\/wp\/v2\/posts\/9620\/revisions\/9639"}],"wp:featuredmedia":[{"embeddable":true,"href":"https:\/\/wolfsmonitor.de\/index.php?rest_route=\/wp\/v2\/media\/2844"}],"wp:attachment":[{"href":"https:\/\/wolfsmonitor.de\/index.php?rest_route=%2Fwp%2Fv2%2Fmedia&parent=9620"}],"wp:term":[{"taxonomy":"category","embeddable":true,"href":"https:\/\/wolfsmonitor.de\/index.php?rest_route=%2Fwp%2Fv2%2Fcategories&post=9620"},{"taxonomy":"post_tag","embeddable":true,"href":"https:\/\/wolfsmonitor.de\/index.php?rest_route=%2Fwp%2Fv2%2Ftags&post=9620"}],"curies":[{"name":"wp","href":"https:\/\/api.w.org\/{rel}","templated":true}]}}