{"id":9658,"date":"2017-07-16T19:25:19","date_gmt":"2017-07-16T17:25:19","guid":{"rendered":"http:\/\/wolfsmonitor.de\/?p=9658"},"modified":"2018-05-05T14:21:38","modified_gmt":"2018-05-05T12:21:38","slug":"begeisterung-und-noergelei-ueber-die-wolf-safari-in-der-lueneburger-heide","status":"publish","type":"post","link":"https:\/\/wolfsmonitor.de\/?p=9658","title":{"rendered":"Begeisterung und N\u00f6rgelei \u00fcber die \u201eWolf-Safari\u201c in der L\u00fcneburger Heide"},"content":{"rendered":"<p><strong>\u201eDie W\u00f6lfe machen Deutschland noch attraktiver\u201c findet die Amerikanerin Susan Gorr, \u201edie ganze Welt k\u00f6nne davon lernen, wie die Deutschen versuchten, in Koexistenz mit dem Wolf zu leben.\u201c<\/strong><!--more--><\/p>\n<p>\u201eDiese Arbeit ist wichtig, auf diese Weise kann ich meinen Anteil leisten\u201c, erg\u00e4nzt die Juristin Rasha Skybey aus Melbourne. Der Australier Andrew Coogan nimmt es gelassen, dass er vermutlich keinen Wolf zu Gesicht bekommen wird, ihm sei nur wichtig, bei einem \u201eeurop\u00e4ischen Wiedereinb\u00fcrgerungsprojekt\u201c mithelfen zu k\u00f6nnen.<\/p>\n<p>Alle drei sind Teilnehmer des Wolfsprojekts von \u201eBiosphere Expeditions\u201c , bei dem in Kleingruppen nach Wolfshinweisen gesucht wird (Wolfsmonitor berichtete <a href=\"https:\/\/wolfsmonitor.de\/?p=9303\" target=\"_blank\"><span style=\"color: #0000ff;\">hier!<\/span> <\/a>und <span style=\"color: #0000ff;\"><a style=\"color: #0000ff;\" href=\"https:\/\/wolfsmonitor.de\/?p=9363\" target=\"_blank\">hier!<\/a><\/span>)<\/p>\n<p>Doch nicht jeder ist davon begeistert, wie Philip Bethge in der neuen Ausgabe des Spiegel (seit gestern im Zeitschriftenhandel erh\u00e4ltlich) beschreibt. \u201eGesch\u00e4ftemacherei\u201c, n\u00f6rgelt der Pr\u00e4sident der Landesj\u00e4gerschaft Niedersachsen, Helmut Dammann-Tamke, und beklagt die Kooperation zwischen Wolfsb\u00fcro und Biosphere Expeditions.<\/p>\n<p>Der Gr\u00fcnder von Biosphere-Expeditions, Dr. Matthias Hammer widerspricht. Alles Geld flie\u00dfe ins Projekt und dessen Verwaltung. Er beklagt, dass mit dieser Expedition Politik gemacht werde.<\/p>\n<p>Der vollst\u00e4ndige, interessante Artikel ist in der Ausgabe Nr. 29\/ 15.7.2017 des \u201eDER SPIEGEL\u201c zu finden. Es gibt sie seit gestern im Handel.<\/p>\n<hr \/>\n<p><em><span style=\"text-decoration: underline;\">Beitragsfoto:<\/span> Heiko Anders, <span style=\"color: #0000ff;\"><a style=\"color: #0000ff;\" href=\"http:\/\/www.andersfotografiert.com\" target=\"_blank\">www.andersfotografiert.com<\/a><\/span><\/em><\/p>\n<p class=\"ox-8fa0bdae36-MsoNormal\"><em>(Anmerkung: F\u00fcr die Richtigkeit der Angaben und Inhalte der verlinkten Webseiten wird keinerlei Gew\u00e4hr \u00fcbernommen)<\/em><\/p>\n<div class=\"shariff shariff-align-center shariff-widget-align-center\" data-services=\"facebook%7Ctwitter\" data-url=\"https%3A%2F%2Fwolfsmonitor.de%2F%3Fp%3D9658\" data-timestamp=\"1525530098\" data-backendurl=\"?rest_route=\/shariff\/v1\/share_counts&\"><ul class=\"shariff-buttons theme-color orientation-horizontal buttonsize-small\"><li class=\"shariff-button facebook shariff-nocustomcolor\" style=\"background-color:#4273c8\"><a href=\"https:\/\/www.facebook.com\/sharer\/sharer.php?u=https%3A%2F%2Fwolfsmonitor.de%2F%3Fp%3D9658\" title=\"Bei Facebook teilen\" aria-label=\"Bei Facebook teilen\" role=\"button\" rel=\"nofollow\" class=\"shariff-link\" style=\"; background-color:#3b5998; color:#fff\" target=\"_blank\"><span class=\"shariff-icon\" style=\"\"><svg width=\"32px\" height=\"20px\" xmlns=\"http:\/\/www.w3.org\/2000\/svg\" viewBox=\"0 0 18 32\"><path fill=\"#3b5998\" d=\"M17.1 0.2v4.7h-2.8q-1.5 0-2.1 0.6t-0.5 1.9v3.4h5.2l-0.7 5.3h-4.5v13.6h-5.5v-13.6h-4.5v-5.3h4.5v-3.9q0-3.3 1.9-5.2t5-1.8q2.6 0 4.1 0.2z\"\/><\/svg><\/span><span class=\"shariff-text\">teilen<\/span>&nbsp;<span data-service=\"facebook\" style=\"color:#3b5998\" class=\"shariff-count shariff-hidezero\"><\/span>&nbsp;<\/a><\/li><li class=\"shariff-button twitter shariff-nocustomcolor\" style=\"background-color:#32bbf5\"><a href=\"https:\/\/twitter.com\/share?url=https%3A%2F%2Fwolfsmonitor.de%2F%3Fp%3D9658&text=Begeisterung%20und%20N%C3%B6rgelei%20%C3%BCber%20die%20%E2%80%9EWolf-Safari%E2%80%9C%20in%20der%20L%C3%BCneburger%20Heide\" title=\"Bei Twitter teilen\" aria-label=\"Bei Twitter teilen\" role=\"button\" rel=\"noopener nofollow\" class=\"shariff-link\" style=\"; background-color:#55acee; color:#fff\" target=\"_blank\"><span class=\"shariff-icon\" style=\"\"><svg width=\"32px\" height=\"20px\" xmlns=\"http:\/\/www.w3.org\/2000\/svg\" viewBox=\"0 0 30 32\"><path fill=\"#55acee\" d=\"M29.7 6.8q-1.2 1.8-3 3.1 0 0.3 0 0.8 0 2.5-0.7 4.9t-2.2 4.7-3.5 4-4.9 2.8-6.1 1q-5.1 0-9.3-2.7 0.6 0.1 1.5 0.1 4.3 0 7.6-2.6-2-0.1-3.5-1.2t-2.2-3q0.6 0.1 1.1 0.1 0.8 0 1.6-0.2-2.1-0.4-3.5-2.1t-1.4-3.9v-0.1q1.3 0.7 2.8 0.8-1.2-0.8-2-2.2t-0.7-2.9q0-1.7 0.8-3.1 2.3 2.8 5.5 4.5t7 1.9q-0.2-0.7-0.2-1.4 0-2.5 1.8-4.3t4.3-1.8q2.7 0 4.5 1.9 2.1-0.4 3.9-1.5-0.7 2.2-2.7 3.4 1.8-0.2 3.5-0.9z\"\/><\/svg><\/span><span class=\"shariff-text\">twittern<\/span>&nbsp;<span data-service=\"twitter\" style=\"color:#55acee\" class=\"shariff-count shariff-hidezero\"><\/span>&nbsp;<\/a><\/li><li class=\"shariff-button rss shariff-nocustomcolor\" style=\"background-color:#ff8c00\"><a href=\"https:\/\/wolfsmonitor.de\/?feed=rss\" title=\"RSS-feed\" aria-label=\"RSS-feed\" role=\"button\" class=\"shariff-link\" style=\"; background-color:#fe9312; color:#fff\" target=\"_blank\"><span class=\"shariff-icon\" style=\"\"><svg width=\"32px\" height=\"20px\" xmlns=\"http:\/\/www.w3.org\/2000\/svg\" viewBox=\"0 0 32 32\"><path fill=\"#fe9312\" d=\"M4.3 23.5c-2.3 0-4.3 1.9-4.3 4.3 0 2.3 1.9 4.2 4.3 4.2 2.4 0 4.3-1.9 4.3-4.2 0-2.3-1.9-4.3-4.3-4.3zM0 10.9v6.1c4 0 7.7 1.6 10.6 4.4 2.8 2.8 4.4 6.6 4.4 10.6h6.2c0-11.7-9.5-21.1-21.1-21.1zM0 0v6.1c14.2 0 25.8 11.6 25.8 25.9h6.2c0-17.6-14.4-32-32-32z\"\/><\/svg><\/span><span class=\"shariff-text\">RSS-feed<\/span>&nbsp;<\/a><\/li><li class=\"shariff-button mailto shariff-nocustomcolor\" style=\"background-color:#a8a8a8\"><a href=\"mailto:?body=https%3A%2F%2Fwolfsmonitor.de%2F%3Fp%3D9658&subject=Begeisterung%20und%20N%C3%B6rgelei%20%C3%BCber%20die%20%E2%80%9EWolf-Safari%E2%80%9C%20in%20der%20L%C3%BCneburger%20Heide\" title=\"Per E-Mail versenden\" aria-label=\"Per E-Mail versenden\" role=\"button\" rel=\"noopener nofollow\" class=\"shariff-link\" style=\"; background-color:#999; color:#fff\"><span class=\"shariff-icon\" style=\"\"><svg width=\"32px\" height=\"20px\" xmlns=\"http:\/\/www.w3.org\/2000\/svg\" viewBox=\"0 0 32 32\"><path fill=\"#999\" d=\"M32 12.7v14.2q0 1.2-0.8 2t-2 0.9h-26.3q-1.2 0-2-0.9t-0.8-2v-14.2q0.8 0.9 1.8 1.6 6.5 4.4 8.9 6.1 1 0.8 1.6 1.2t1.7 0.9 2 0.4h0.1q0.9 0 2-0.4t1.7-0.9 1.6-1.2q3-2.2 8.9-6.1 1-0.7 1.8-1.6zM32 7.4q0 1.4-0.9 2.7t-2.2 2.2q-6.7 4.7-8.4 5.8-0.2 0.1-0.7 0.5t-1 0.7-0.9 0.6-1.1 0.5-0.9 0.2h-0.1q-0.4 0-0.9-0.2t-1.1-0.5-0.9-0.6-1-0.7-0.7-0.5q-1.6-1.1-4.7-3.2t-3.6-2.6q-1.1-0.7-2.1-2t-1-2.5q0-1.4 0.7-2.3t2.1-0.9h26.3q1.2 0 2 0.8t0.9 2z\"\/><\/svg><\/span><span class=\"shariff-text\">E-Mail<\/span>&nbsp;<\/a><\/li><li class=\"shariff-button info shariff-nocustomcolor\" style=\"background-color:#a8a8a8\"><a href=\"http:\/\/ct.de\/-2467514\" title=\"Weitere Informationen\" aria-label=\"Weitere Informationen\" role=\"button\" rel=\"noopener \" class=\"shariff-link\" style=\"; background-color:#999; color:#fff\" target=\"_blank\"><span class=\"shariff-icon\" style=\"\"><svg width=\"32px\" height=\"20px\" xmlns=\"http:\/\/www.w3.org\/2000\/svg\" viewBox=\"0 0 11 32\"><path fill=\"#999\" d=\"M11.4 24v2.3q0 0.5-0.3 0.8t-0.8 0.4h-9.1q-0.5 0-0.8-0.4t-0.4-0.8v-2.3q0-0.5 0.4-0.8t0.8-0.4h1.1v-6.8h-1.1q-0.5 0-0.8-0.4t-0.4-0.8v-2.3q0-0.5 0.4-0.8t0.8-0.4h6.8q0.5 0 0.8 0.4t0.4 0.8v10.3h1.1q0.5 0 0.8 0.4t0.3 0.8zM9.2 3.4v3.4q0 0.5-0.4 0.8t-0.8 0.4h-4.6q-0.4 0-0.8-0.4t-0.4-0.8v-3.4q0-0.4 0.4-0.8t0.8-0.4h4.6q0.5 0 0.8 0.4t0.4 0.8z\"\/><\/svg><\/span><\/a><\/li><\/ul><\/div>","protected":false},"excerpt":{"rendered":"<p>\u201eDie W\u00f6lfe machen Deutschland noch attraktiver\u201c findet die Amerikanerin Susan Gorr, \u201edie ganze Welt k\u00f6nne davon lernen, wie die Deutschen versuchten, in Koexistenz mit dem Wolf zu leben.\u201c<\/p>\n<div class=\"shariff shariff-align-center shariff-widget-align-center\" data-services=\"facebook%7Ctwitter\" data-url=\"https%3A%2F%2Fwolfsmonitor.de%2F%3Fp%3D9658\" data-timestamp=\"1525530098\" data-backendurl=\"?rest_route=\/shariff\/v1\/share_counts&\"><ul class=\"shariff-buttons theme-color orientation-horizontal buttonsize-small\"><li class=\"shariff-button facebook shariff-nocustomcolor\" style=\"background-color:#4273c8\"><a href=\"https:\/\/www.facebook.com\/sharer\/sharer.php?u=https%3A%2F%2Fwolfsmonitor.de%2F%3Fp%3D9658\" title=\"Bei Facebook teilen\" aria-label=\"Bei Facebook teilen\" role=\"button\" rel=\"nofollow\" class=\"shariff-link\" style=\"; background-color:#3b5998; color:#fff\" target=\"_blank\"><span class=\"shariff-icon\" style=\"\"><svg width=\"32px\" height=\"20px\" xmlns=\"http:\/\/www.w3.org\/2000\/svg\" viewBox=\"0 0 18 32\"><path fill=\"#3b5998\" d=\"M17.1 0.2v4.7h-2.8q-1.5 0-2.1 0.6t-0.5 1.9v3.4h5.2l-0.7 5.3h-4.5v13.6h-5.5v-13.6h-4.5v-5.3h4.5v-3.9q0-3.3 1.9-5.2t5-1.8q2.6 0 4.1 0.2z\"\/><\/svg><\/span><span class=\"shariff-text\">teilen<\/span>&nbsp;<span data-service=\"facebook\" style=\"color:#3b5998\" class=\"shariff-count shariff-hidezero\"><\/span>&nbsp;<\/a><\/li><li class=\"shariff-button twitter shariff-nocustomcolor\" style=\"background-color:#32bbf5\"><a href=\"https:\/\/twitter.com\/share?url=https%3A%2F%2Fwolfsmonitor.de%2F%3Fp%3D9658&text=Begeisterung%20und%20N%C3%B6rgelei%20%C3%BCber%20die%20%E2%80%9EWolf-Safari%E2%80%9C%20in%20der%20L%C3%BCneburger%20Heide\" title=\"Bei Twitter teilen\" aria-label=\"Bei Twitter teilen\" role=\"button\" rel=\"noopener nofollow\" class=\"shariff-link\" style=\"; background-color:#55acee; color:#fff\" target=\"_blank\"><span class=\"shariff-icon\" style=\"\"><svg width=\"32px\" height=\"20px\" xmlns=\"http:\/\/www.w3.org\/2000\/svg\" viewBox=\"0 0 30 32\"><path fill=\"#55acee\" d=\"M29.7 6.8q-1.2 1.8-3 3.1 0 0.3 0 0.8 0 2.5-0.7 4.9t-2.2 4.7-3.5 4-4.9 2.8-6.1 1q-5.1 0-9.3-2.7 0.6 0.1 1.5 0.1 4.3 0 7.6-2.6-2-0.1-3.5-1.2t-2.2-3q0.6 0.1 1.1 0.1 0.8 0 1.6-0.2-2.1-0.4-3.5-2.1t-1.4-3.9v-0.1q1.3 0.7 2.8 0.8-1.2-0.8-2-2.2t-0.7-2.9q0-1.7 0.8-3.1 2.3 2.8 5.5 4.5t7 1.9q-0.2-0.7-0.2-1.4 0-2.5 1.8-4.3t4.3-1.8q2.7 0 4.5 1.9 2.1-0.4 3.9-1.5-0.7 2.2-2.7 3.4 1.8-0.2 3.5-0.9z\"\/><\/svg><\/span><span class=\"shariff-text\">twittern<\/span>&nbsp;<span data-service=\"twitter\" style=\"color:#55acee\" class=\"shariff-count shariff-hidezero\"><\/span>&nbsp;<\/a><\/li><li class=\"shariff-button rss shariff-nocustomcolor\" style=\"background-color:#ff8c00\"><a href=\"https:\/\/wolfsmonitor.de\/?feed=rss\" title=\"RSS-feed\" aria-label=\"RSS-feed\" role=\"button\" class=\"shariff-link\" style=\"; background-color:#fe9312; color:#fff\" target=\"_blank\"><span class=\"shariff-icon\" style=\"\"><svg width=\"32px\" height=\"20px\" xmlns=\"http:\/\/www.w3.org\/2000\/svg\" viewBox=\"0 0 32 32\"><path fill=\"#fe9312\" d=\"M4.3 23.5c-2.3 0-4.3 1.9-4.3 4.3 0 2.3 1.9 4.2 4.3 4.2 2.4 0 4.3-1.9 4.3-4.2 0-2.3-1.9-4.3-4.3-4.3zM0 10.9v6.1c4 0 7.7 1.6 10.6 4.4 2.8 2.8 4.4 6.6 4.4 10.6h6.2c0-11.7-9.5-21.1-21.1-21.1zM0 0v6.1c14.2 0 25.8 11.6 25.8 25.9h6.2c0-17.6-14.4-32-32-32z\"\/><\/svg><\/span><span class=\"shariff-text\">RSS-feed<\/span>&nbsp;<\/a><\/li><li class=\"shariff-button mailto shariff-nocustomcolor\" style=\"background-color:#a8a8a8\"><a href=\"mailto:?body=https%3A%2F%2Fwolfsmonitor.de%2F%3Fp%3D9658&subject=Begeisterung%20und%20N%C3%B6rgelei%20%C3%BCber%20die%20%E2%80%9EWolf-Safari%E2%80%9C%20in%20der%20L%C3%BCneburger%20Heide\" title=\"Per E-Mail versenden\" aria-label=\"Per E-Mail versenden\" role=\"button\" rel=\"noopener nofollow\" class=\"shariff-link\" style=\"; background-color:#999; color:#fff\"><span class=\"shariff-icon\" style=\"\"><svg width=\"32px\" height=\"20px\" xmlns=\"http:\/\/www.w3.org\/2000\/svg\" viewBox=\"0 0 32 32\"><path fill=\"#999\" d=\"M32 12.7v14.2q0 1.2-0.8 2t-2 0.9h-26.3q-1.2 0-2-0.9t-0.8-2v-14.2q0.8 0.9 1.8 1.6 6.5 4.4 8.9 6.1 1 0.8 1.6 1.2t1.7 0.9 2 0.4h0.1q0.9 0 2-0.4t1.7-0.9 1.6-1.2q3-2.2 8.9-6.1 1-0.7 1.8-1.6zM32 7.4q0 1.4-0.9 2.7t-2.2 2.2q-6.7 4.7-8.4 5.8-0.2 0.1-0.7 0.5t-1 0.7-0.9 0.6-1.1 0.5-0.9 0.2h-0.1q-0.4 0-0.9-0.2t-1.1-0.5-0.9-0.6-1-0.7-0.7-0.5q-1.6-1.1-4.7-3.2t-3.6-2.6q-1.1-0.7-2.1-2t-1-2.5q0-1.4 0.7-2.3t2.1-0.9h26.3q1.2 0 2 0.8t0.9 2z\"\/><\/svg><\/span><span class=\"shariff-text\">E-Mail<\/span>&nbsp;<\/a><\/li><li class=\"shariff-button info shariff-nocustomcolor\" style=\"background-color:#a8a8a8\"><a href=\"http:\/\/ct.de\/-2467514\" title=\"Weitere Informationen\" aria-label=\"Weitere Informationen\" role=\"button\" rel=\"noopener \" class=\"shariff-link\" style=\"; background-color:#999; color:#fff\" target=\"_blank\"><span class=\"shariff-icon\" style=\"\"><svg width=\"32px\" height=\"20px\" xmlns=\"http:\/\/www.w3.org\/2000\/svg\" viewBox=\"0 0 11 32\"><path fill=\"#999\" d=\"M11.4 24v2.3q0 0.5-0.3 0.8t-0.8 0.4h-9.1q-0.5 0-0.8-0.4t-0.4-0.8v-2.3q0-0.5 0.4-0.8t0.8-0.4h1.1v-6.8h-1.1q-0.5 0-0.8-0.4t-0.4-0.8v-2.3q0-0.5 0.4-0.8t0.8-0.4h6.8q0.5 0 0.8 0.4t0.4 0.8v10.3h1.1q0.5 0 0.8 0.4t0.3 0.8zM9.2 3.4v3.4q0 0.5-0.4 0.8t-0.8 0.4h-4.6q-0.4 0-0.8-0.4t-0.4-0.8v-3.4q0-0.4 0.4-0.8t0.8-0.4h4.6q0.5 0 0.8 0.4t0.4 0.8z\"\/><\/svg><\/span><\/a><\/li><\/ul><\/div>","protected":false},"author":1,"featured_media":3512,"comment_status":"closed","ping_status":"open","sticky":false,"template":"","format":"standard","meta":{"spay_email":""},"categories":[126],"tags":[6326,6118,6323,6119,299,6329,6156,6324,6325,6328,6327,43,105],"jetpack_featured_media_url":"https:\/\/i2.wp.com\/wolfsmonitor.de\/wp-content\/uploads\/2016\/05\/HA-Beitragsfoto-Aufgelesen-1.jpg?fit=654%2C436&ssl=1","jetpack_shortlink":"https:\/\/wp.me\/p61YbU-2vM","jetpack-related-posts":[{"id":9303,"url":"https:\/\/wolfsmonitor.de\/?p=9303","url_meta":{"origin":9658,"position":0},"title":"\"Biosphere Expeditions\" startet Wolfsprojekt in Niedersachsen","date":"13. Juni 2017","format":false,"excerpt":"Am 17. Juni 2017 startet in Niedersachsen die erste Wolf-B\u00fcrgerwissenschaftler-Expedition von Biosphere Expeditions auf deutschem Boden, in Kooperation mit dem Wolfsb\u00fcro im NLWKN (Nieders\u00e4chsischer Landesbetrieb f\u00fcr Wasser-, K\u00fcsten- und Naturschutz). Teilnehmer aus aller Welt werden einen Monat lang in Kleingruppen nach Wolfshinweisen suchen. Wolfsberater Peter Sch\u00fctte koordiniert dabei die Feldarbeit\u2026","rel":"","context":"In &quot;Presseinformationen&quot;","img":{"alt_text":"Wolf im Tierpark (Foto: Vogler)","src":"https:\/\/i0.wp.com\/wolfsmonitor.de\/wp-content\/uploads\/2016\/09\/Beitragsfoto-PI-PM.jpg?fit=752%2C497&ssl=1&resize=350%2C200","width":350,"height":200},"classes":[]},{"id":11733,"url":"https:\/\/wolfsmonitor.de\/?p=11733","url_meta":{"origin":9658,"position":1},"title":"Biosphere Expeditions: 49 Teilnehmer weisen auf Expeditionen 6 W\u00f6lfe nach","date":"11. Dezember 2017","format":false,"excerpt":"Erste Ergebnisse der neuen Wolf-B\u00fcrgerwissenschaftler-Expedition von Biosphere Expeditions in Niedersachsen liegen jetzt vor. Wie das Wolfsb\u00fcro im NLWKN (Nieders\u00e4chsischer Landesbetrieb f\u00fcr Wasserwirtschaft, K\u00fcsten- und Naturschutz) mitteilte, wurden Funde, die w\u00e4hrend der Gel\u00e4ndebegehungen der B\u00fcrgerwissenschaftler gesammelt wurden, im Labor analysiert. Dabei konnten insgesamt sechs Individuen per DNA nachgewiesen werden, vier davon\u2026","rel":"","context":"In &quot;Presseinformationen&quot;","img":{"alt_text":"Foto: Naturfotograf Heiko Anders","src":"https:\/\/i0.wp.com\/wolfsmonitor.de\/wp-content\/uploads\/2016\/05\/HA-Beitragsfoto-Presseinfo-1.jpg?fit=623%2C415&ssl=1&resize=350%2C200","width":350,"height":200},"classes":[]},{"id":9363,"url":"https:\/\/wolfsmonitor.de\/?p=9363","url_meta":{"origin":9658,"position":2},"title":"J\u00e4gerpr\u00e4sident: Wolfsexpeditionen belasten Kooperation zwischen Land und J\u00e4gern","date":"20. Juni 2017","format":false,"excerpt":"Derzeit machen Fotos im Netz (insbesondere auf Facebook) die Runde, die von landwirtschaftlichen M\u00e4hwerken \u201egeschredderte\u201c Bodenbr\u00fctergelege und Rehkitze zeigen. Angeblich stammen diese Fotos aus der aktuellen \u201eBrut- und Setzzeit\u201c (in Niedersachsen z.B. vom 1. April bis zum 15. Juli), in der alle Hundehalter aufgefordert sind, die tierischen Gef\u00e4hrten in Feld,\u2026","rel":"","context":"In &quot;Hintergr\u00fcnde&quot;","img":{"alt_text":"Foto: Tierfotograf Heiko Anders","src":"https:\/\/i0.wp.com\/wolfsmonitor.de\/wp-content\/uploads\/2016\/05\/HA-Beitragsfoto-Hintergr\u00fcnde-2.jpg?fit=632%2C472&ssl=1&resize=350%2C200","width":350,"height":200},"classes":[]},{"id":1893,"url":"https:\/\/wolfsmonitor.de\/?p=1893","url_meta":{"origin":9658,"position":3},"title":"Bauernverband m\u00f6chte umfassender \u00fcber W\u00f6lfe diskutieren","date":"26. November 2015","format":false,"excerpt":"Der Deutsche Bauernverband (DBV), dem bisher eher das Bonmott \u201ewachsen oder weichen\u201c der deutschen Landwirtschaft zugeschrieben wird, fordert nun die Er\u00f6rterung von Grenzen. Es soll dabei allerdings nicht um die die Grenzen der heute \u00fcblichen landwirtschaftlichen Praxis gehen, sondern um die Grenzen der Koexistenz von W\u00f6lfen und Weidetierhaltern. Sein Statement\u2026","rel":"","context":"In &quot;Standpunkte&quot;","img":{"alt_text":"Wolf im Tierpark Nordhorn","src":"https:\/\/i1.wp.com\/wolfsmonitor.de\/wp-content\/uploads\/2015\/04\/WM-Kommentar.jpg?fit=512%2C442&ssl=1&resize=350%2C200","width":350,"height":200},"classes":[]},{"id":5020,"url":"https:\/\/wolfsmonitor.de\/?p=5020","url_meta":{"origin":9658,"position":4},"title":"G\u00fcnther Bloch h\u00f6rt auf","date":"16. September 2016","format":false,"excerpt":"Nach \u00fcber 40 Jahren im \"Haifischbecken Hundeszene\" geht der bei Wolfs- und Hundefreunden sehr bekannte Kynologe und Autor G\u00fcnther Bloch n\u00e4chstes Jahr in den Ruhestand. So ist es auf der Webseite der Hunde-Farm-Eifel zu lesen. 1991 gr\u00fcndete er gemeinsam mit Elli H. Radinger und Erik Zimen (*1) die \u201eGesellschaft zum\u2026","rel":"","context":"In &quot;Hintergr\u00fcnde&quot;","img":{"alt_text":"Wolf im Tierpark Nordhorn","src":"https:\/\/i2.wp.com\/wolfsmonitor.de\/wp-content\/uploads\/2015\/09\/WM-Hintergr\u00fcnde.jpg?fit=355%2C312&ssl=1&resize=350%2C200","width":350,"height":200},"classes":[]},{"id":1210,"url":"https:\/\/wolfsmonitor.de\/?p=1210","url_meta":{"origin":9658,"position":5},"title":"Diskussion \u00fcber \u201eb\u00f6se W\u00f6lfe\u201c erreicht Br\u00fcssel!","date":"16. September 2015","format":false,"excerpt":"In Br\u00fcssel fand am 15. September 2015 eine \u201eEurop\u00e4ische Konferenz \u00fcber das Wolfsmanagement\u201c statt, die unter dem Motto \u201eEuropa und der b\u00f6se Wolf \u2013 schie\u00dfen oder sch\u00fctzen?\u201c stand. Der CDU-Europaabgeordnete und Pr\u00e4sident der fraktions\u00fcbergreifenden parlamentarischen \u201eIntergruppe Biodiversit\u00e4t, Jagd, l\u00e4ndliche Aktivit\u00e4ten\" im Europ\u00e4ischen Parlament, Karl Heinz Florenz und \u201edie Europ\u00e4ische F\u00f6deration\u2026","rel":"","context":"In &quot;Standpunkte&quot;","img":{"alt_text":"Wolf im Tierpark Nordhorn","src":"https:\/\/i0.wp.com\/wolfsmonitor.de\/wp-content\/uploads\/2015\/07\/Foto-Kommentar-2.jpg?fit=586%2C513&ssl=1&resize=350%2C200","width":350,"height":200},"classes":[]}],"_links":{"self":[{"href":"https:\/\/wolfsmonitor.de\/index.php?rest_route=\/wp\/v2\/posts\/9658"}],"collection":[{"href":"https:\/\/wolfsmonitor.de\/index.php?rest_route=\/wp\/v2\/posts"}],"about":[{"href":"https:\/\/wolfsmonitor.de\/index.php?rest_route=\/wp\/v2\/types\/post"}],"author":[{"embeddable":true,"href":"https:\/\/wolfsmonitor.de\/index.php?rest_route=\/wp\/v2\/users\/1"}],"replies":[{"embeddable":true,"href":"https:\/\/wolfsmonitor.de\/index.php?rest_route=%2Fwp%2Fv2%2Fcomments&post=9658"}],"version-history":[{"count":8,"href":"https:\/\/wolfsmonitor.de\/index.php?rest_route=\/wp\/v2\/posts\/9658\/revisions"}],"predecessor-version":[{"id":9668,"href":"https:\/\/wolfsmonitor.de\/index.php?rest_route=\/wp\/v2\/posts\/9658\/revisions\/9668"}],"wp:featuredmedia":[{"embeddable":true,"href":"https:\/\/wolfsmonitor.de\/index.php?rest_route=\/wp\/v2\/media\/3512"}],"wp:attachment":[{"href":"https:\/\/wolfsmonitor.de\/index.php?rest_route=%2Fwp%2Fv2%2Fmedia&parent=9658"}],"wp:term":[{"taxonomy":"category","embeddable":true,"href":"https:\/\/wolfsmonitor.de\/index.php?rest_route=%2Fwp%2Fv2%2Fcategories&post=9658"},{"taxonomy":"post_tag","embeddable":true,"href":"https:\/\/wolfsmonitor.de\/index.php?rest_route=%2Fwp%2Fv2%2Ftags&post=9658"}],"curies":[{"name":"wp","href":"https:\/\/api.w.org\/{rel}","templated":true}]}}