{"id":9837,"date":"2017-08-01T22:25:57","date_gmt":"2017-08-01T20:25:57","guid":{"rendered":"http:\/\/wolfsmonitor.de\/?p=9837"},"modified":"2018-05-05T14:27:27","modified_gmt":"2018-05-05T12:27:27","slug":"wwf-werbung-fuer-wolfsabschuesse-ist-ein-skandal","status":"publish","type":"post","link":"https:\/\/wolfsmonitor.de\/?p=9837","title":{"rendered":"WWF: Werbung f\u00fcr Wolfsabsch\u00fcsse ist ein Skandal"},"content":{"rendered":"<p><strong>Die Umweltorganisation WWF reagiert mehr als deutlich auf die von der J\u00e4gerschaft wiederholt ins Spiel gebrachten Absch\u00fcsse von W\u00f6lfen. Es sei nicht nur ein Skandal, dass Teile der J\u00e4gerschaft offen f\u00fcr den Abschuss von gesch\u00fctzten Wildtieren werben, wer das mache, sei mit dem Straf-, Jagd- und Naturschutzgesetz konfrontiert und bewegte sich hart an der Grenze der Legalit\u00e4t.<\/strong><!--more--><\/p>\n<p>Die Abschussfantasien bedeuteten f\u00fcr den WWF eine \u00dcberschreitung der Kompetenzen von Seiten der J\u00e4gerfunktion\u00e4re.<\/p>\n<p><em>\u201eDie fortgesetzte Hetze gegen den Wolf muss sofort aufh\u00f6ren, sie ist kontraproduktiv und hilft nicht dabei, angemessene L\u00f6sungen zu erarbeiten. Der WWF wird der Entwicklung eines weiter um sich greifenden Rufes nach der Flinte jedenfalls nicht tatenlos zusehen.\u201c <\/em>(Christian Pichler, WWF- Artenschutz-Experte)<em><br \/>\n<\/em><\/p>\n<p>Diese deutlichen Worte stammen allerdings aus \u00d6sterreich, nicht aus Deutschland. Doch auch beim gr\u00f6\u00dferen Nachbarn \u00d6sterreichs &#8211; das zeigen die ersten Reaktionen auf den Beitrag in den Sozialen Medien &#8211; w\u00fcrden sich offenbar sehr viele Menschen \u00fcber entsprechend deutliche Worte freuen, da W\u00f6lfe auch hier zu den am strengsten gesch\u00fctzten Tierarten geh\u00f6ren.<\/p>\n<p>Den gesamten \u201eAPA-OTS\u201c-Beitrag k\u00f6nnen Sie unter Nutzung <span style=\"color: #0000ff;\"><a style=\"color: #0000ff;\" href=\"https:\/\/www.ots.at\/presseaussendung\/OTS_20170801_OTS0118\/wwf-noe-jaegerschaft-muss-hetze-gegen-wolf-beenden\" target=\"_blank\">dieses Links aufrufen!<\/a><\/span><\/p>\n<hr \/>\n<p><em><u>Quelle:<\/u> APA-OTS, www.ots.at, OTS0118-Artikel vom 1. Aug. 2017: \u201eWWF: N\u00d6 J\u00e4gerschaft muss Hetze gegen Wolf beenden\u201c, abgerufen am 1.8.2017<\/em><\/p>\n<hr \/>\n<p><em><span style=\"text-decoration: underline;\">Beitragsfoto:<\/span> Heiko Anders, <a href=\"http:\/\/www.andersfotografiert.com\" target=\"_blank\">www.andersfotografiert.com<\/a><\/em><\/p>\n<p class=\"ox-8fa0bdae36-MsoNormal\"><em>(<span style=\"text-decoration: underline;\">Anmerkung:<\/span> F\u00fcr die Richtigkeit der Angaben und Inhalte der verlinkten Webseiten wird keinerlei Gew\u00e4hr \u00fcbernommen)<\/em><\/p>\n<div class=\"shariff shariff-align-center shariff-widget-align-center\" data-services=\"facebook%7Ctwitter\" data-url=\"https%3A%2F%2Fwolfsmonitor.de%2F%3Fp%3D9837\" data-timestamp=\"1525530447\" data-backendurl=\"?rest_route=\/shariff\/v1\/share_counts&\"><ul class=\"shariff-buttons theme-color orientation-horizontal buttonsize-small\"><li class=\"shariff-button facebook shariff-nocustomcolor\" style=\"background-color:#4273c8\"><a href=\"https:\/\/www.facebook.com\/sharer\/sharer.php?u=https%3A%2F%2Fwolfsmonitor.de%2F%3Fp%3D9837\" title=\"Bei Facebook teilen\" aria-label=\"Bei Facebook teilen\" role=\"button\" rel=\"nofollow\" class=\"shariff-link\" style=\"; background-color:#3b5998; color:#fff\" target=\"_blank\"><span class=\"shariff-icon\" style=\"\"><svg width=\"32px\" height=\"20px\" xmlns=\"http:\/\/www.w3.org\/2000\/svg\" viewBox=\"0 0 18 32\"><path fill=\"#3b5998\" d=\"M17.1 0.2v4.7h-2.8q-1.5 0-2.1 0.6t-0.5 1.9v3.4h5.2l-0.7 5.3h-4.5v13.6h-5.5v-13.6h-4.5v-5.3h4.5v-3.9q0-3.3 1.9-5.2t5-1.8q2.6 0 4.1 0.2z\"\/><\/svg><\/span><span class=\"shariff-text\">teilen<\/span>&nbsp;<span data-service=\"facebook\" style=\"color:#3b5998\" class=\"shariff-count shariff-hidezero\"><\/span>&nbsp;<\/a><\/li><li class=\"shariff-button twitter shariff-nocustomcolor\" style=\"background-color:#32bbf5\"><a href=\"https:\/\/twitter.com\/share?url=https%3A%2F%2Fwolfsmonitor.de%2F%3Fp%3D9837&text=WWF%3A%20Werbung%20f%C3%BCr%20Wolfsabsch%C3%BCsse%20ist%20ein%20Skandal\" title=\"Bei Twitter teilen\" aria-label=\"Bei Twitter teilen\" role=\"button\" rel=\"noopener nofollow\" class=\"shariff-link\" style=\"; background-color:#55acee; color:#fff\" target=\"_blank\"><span class=\"shariff-icon\" style=\"\"><svg width=\"32px\" height=\"20px\" xmlns=\"http:\/\/www.w3.org\/2000\/svg\" viewBox=\"0 0 30 32\"><path fill=\"#55acee\" d=\"M29.7 6.8q-1.2 1.8-3 3.1 0 0.3 0 0.8 0 2.5-0.7 4.9t-2.2 4.7-3.5 4-4.9 2.8-6.1 1q-5.1 0-9.3-2.7 0.6 0.1 1.5 0.1 4.3 0 7.6-2.6-2-0.1-3.5-1.2t-2.2-3q0.6 0.1 1.1 0.1 0.8 0 1.6-0.2-2.1-0.4-3.5-2.1t-1.4-3.9v-0.1q1.3 0.7 2.8 0.8-1.2-0.8-2-2.2t-0.7-2.9q0-1.7 0.8-3.1 2.3 2.8 5.5 4.5t7 1.9q-0.2-0.7-0.2-1.4 0-2.5 1.8-4.3t4.3-1.8q2.7 0 4.5 1.9 2.1-0.4 3.9-1.5-0.7 2.2-2.7 3.4 1.8-0.2 3.5-0.9z\"\/><\/svg><\/span><span class=\"shariff-text\">twittern<\/span>&nbsp;<span data-service=\"twitter\" style=\"color:#55acee\" class=\"shariff-count shariff-hidezero\"><\/span>&nbsp;<\/a><\/li><li class=\"shariff-button rss shariff-nocustomcolor\" style=\"background-color:#ff8c00\"><a href=\"https:\/\/wolfsmonitor.de\/?feed=rss\" title=\"RSS-feed\" aria-label=\"RSS-feed\" role=\"button\" class=\"shariff-link\" style=\"; background-color:#fe9312; color:#fff\" target=\"_blank\"><span class=\"shariff-icon\" style=\"\"><svg width=\"32px\" height=\"20px\" xmlns=\"http:\/\/www.w3.org\/2000\/svg\" viewBox=\"0 0 32 32\"><path fill=\"#fe9312\" d=\"M4.3 23.5c-2.3 0-4.3 1.9-4.3 4.3 0 2.3 1.9 4.2 4.3 4.2 2.4 0 4.3-1.9 4.3-4.2 0-2.3-1.9-4.3-4.3-4.3zM0 10.9v6.1c4 0 7.7 1.6 10.6 4.4 2.8 2.8 4.4 6.6 4.4 10.6h6.2c0-11.7-9.5-21.1-21.1-21.1zM0 0v6.1c14.2 0 25.8 11.6 25.8 25.9h6.2c0-17.6-14.4-32-32-32z\"\/><\/svg><\/span><span class=\"shariff-text\">RSS-feed<\/span>&nbsp;<\/a><\/li><li class=\"shariff-button mailto shariff-nocustomcolor\" style=\"background-color:#a8a8a8\"><a href=\"mailto:?body=https%3A%2F%2Fwolfsmonitor.de%2F%3Fp%3D9837&subject=WWF%3A%20Werbung%20f%C3%BCr%20Wolfsabsch%C3%BCsse%20ist%20ein%20Skandal\" title=\"Per E-Mail versenden\" aria-label=\"Per E-Mail versenden\" role=\"button\" rel=\"noopener nofollow\" class=\"shariff-link\" style=\"; background-color:#999; color:#fff\"><span class=\"shariff-icon\" style=\"\"><svg width=\"32px\" height=\"20px\" xmlns=\"http:\/\/www.w3.org\/2000\/svg\" viewBox=\"0 0 32 32\"><path fill=\"#999\" d=\"M32 12.7v14.2q0 1.2-0.8 2t-2 0.9h-26.3q-1.2 0-2-0.9t-0.8-2v-14.2q0.8 0.9 1.8 1.6 6.5 4.4 8.9 6.1 1 0.8 1.6 1.2t1.7 0.9 2 0.4h0.1q0.9 0 2-0.4t1.7-0.9 1.6-1.2q3-2.2 8.9-6.1 1-0.7 1.8-1.6zM32 7.4q0 1.4-0.9 2.7t-2.2 2.2q-6.7 4.7-8.4 5.8-0.2 0.1-0.7 0.5t-1 0.7-0.9 0.6-1.1 0.5-0.9 0.2h-0.1q-0.4 0-0.9-0.2t-1.1-0.5-0.9-0.6-1-0.7-0.7-0.5q-1.6-1.1-4.7-3.2t-3.6-2.6q-1.1-0.7-2.1-2t-1-2.5q0-1.4 0.7-2.3t2.1-0.9h26.3q1.2 0 2 0.8t0.9 2z\"\/><\/svg><\/span><span class=\"shariff-text\">E-Mail<\/span>&nbsp;<\/a><\/li><li class=\"shariff-button info shariff-nocustomcolor\" style=\"background-color:#a8a8a8\"><a href=\"http:\/\/ct.de\/-2467514\" title=\"Weitere Informationen\" aria-label=\"Weitere Informationen\" role=\"button\" rel=\"noopener \" class=\"shariff-link\" style=\"; background-color:#999; color:#fff\" target=\"_blank\"><span class=\"shariff-icon\" style=\"\"><svg width=\"32px\" height=\"20px\" xmlns=\"http:\/\/www.w3.org\/2000\/svg\" viewBox=\"0 0 11 32\"><path fill=\"#999\" d=\"M11.4 24v2.3q0 0.5-0.3 0.8t-0.8 0.4h-9.1q-0.5 0-0.8-0.4t-0.4-0.8v-2.3q0-0.5 0.4-0.8t0.8-0.4h1.1v-6.8h-1.1q-0.5 0-0.8-0.4t-0.4-0.8v-2.3q0-0.5 0.4-0.8t0.8-0.4h6.8q0.5 0 0.8 0.4t0.4 0.8v10.3h1.1q0.5 0 0.8 0.4t0.3 0.8zM9.2 3.4v3.4q0 0.5-0.4 0.8t-0.8 0.4h-4.6q-0.4 0-0.8-0.4t-0.4-0.8v-3.4q0-0.4 0.4-0.8t0.8-0.4h4.6q0.5 0 0.8 0.4t0.4 0.8z\"\/><\/svg><\/span><\/a><\/li><\/ul><\/div>","protected":false},"excerpt":{"rendered":"<p>Die Umweltorganisation WWF reagiert mehr als deutlich auf die von der J\u00e4gerschaft wiederholt ins Spiel gebrachten Absch\u00fcsse von W\u00f6lfen. Es sei nicht nur ein Skandal, dass Teile der J\u00e4gerschaft offen f\u00fcr den Abschuss von gesch\u00fctzten Wildtieren werben, wer das mache, sei mit dem Straf-, Jagd- und Naturschutzgesetz konfrontiert und bewegte sich hart an der Grenze [&hellip;]<\/p>\n<div class=\"shariff shariff-align-center shariff-widget-align-center\" data-services=\"facebook%7Ctwitter\" data-url=\"https%3A%2F%2Fwolfsmonitor.de%2F%3Fp%3D9837\" data-timestamp=\"1525530447\" data-backendurl=\"?rest_route=\/shariff\/v1\/share_counts&\"><ul class=\"shariff-buttons theme-color orientation-horizontal buttonsize-small\"><li class=\"shariff-button facebook shariff-nocustomcolor\" style=\"background-color:#4273c8\"><a href=\"https:\/\/www.facebook.com\/sharer\/sharer.php?u=https%3A%2F%2Fwolfsmonitor.de%2F%3Fp%3D9837\" title=\"Bei Facebook teilen\" aria-label=\"Bei Facebook teilen\" role=\"button\" rel=\"nofollow\" class=\"shariff-link\" style=\"; background-color:#3b5998; color:#fff\" target=\"_blank\"><span class=\"shariff-icon\" style=\"\"><svg width=\"32px\" height=\"20px\" xmlns=\"http:\/\/www.w3.org\/2000\/svg\" viewBox=\"0 0 18 32\"><path fill=\"#3b5998\" d=\"M17.1 0.2v4.7h-2.8q-1.5 0-2.1 0.6t-0.5 1.9v3.4h5.2l-0.7 5.3h-4.5v13.6h-5.5v-13.6h-4.5v-5.3h4.5v-3.9q0-3.3 1.9-5.2t5-1.8q2.6 0 4.1 0.2z\"\/><\/svg><\/span><span class=\"shariff-text\">teilen<\/span>&nbsp;<span data-service=\"facebook\" style=\"color:#3b5998\" class=\"shariff-count shariff-hidezero\"><\/span>&nbsp;<\/a><\/li><li class=\"shariff-button twitter shariff-nocustomcolor\" style=\"background-color:#32bbf5\"><a href=\"https:\/\/twitter.com\/share?url=https%3A%2F%2Fwolfsmonitor.de%2F%3Fp%3D9837&text=WWF%3A%20Werbung%20f%C3%BCr%20Wolfsabsch%C3%BCsse%20ist%20ein%20Skandal\" title=\"Bei Twitter teilen\" aria-label=\"Bei Twitter teilen\" role=\"button\" rel=\"noopener nofollow\" class=\"shariff-link\" style=\"; background-color:#55acee; color:#fff\" target=\"_blank\"><span class=\"shariff-icon\" style=\"\"><svg width=\"32px\" height=\"20px\" xmlns=\"http:\/\/www.w3.org\/2000\/svg\" viewBox=\"0 0 30 32\"><path fill=\"#55acee\" d=\"M29.7 6.8q-1.2 1.8-3 3.1 0 0.3 0 0.8 0 2.5-0.7 4.9t-2.2 4.7-3.5 4-4.9 2.8-6.1 1q-5.1 0-9.3-2.7 0.6 0.1 1.5 0.1 4.3 0 7.6-2.6-2-0.1-3.5-1.2t-2.2-3q0.6 0.1 1.1 0.1 0.8 0 1.6-0.2-2.1-0.4-3.5-2.1t-1.4-3.9v-0.1q1.3 0.7 2.8 0.8-1.2-0.8-2-2.2t-0.7-2.9q0-1.7 0.8-3.1 2.3 2.8 5.5 4.5t7 1.9q-0.2-0.7-0.2-1.4 0-2.5 1.8-4.3t4.3-1.8q2.7 0 4.5 1.9 2.1-0.4 3.9-1.5-0.7 2.2-2.7 3.4 1.8-0.2 3.5-0.9z\"\/><\/svg><\/span><span class=\"shariff-text\">twittern<\/span>&nbsp;<span data-service=\"twitter\" style=\"color:#55acee\" class=\"shariff-count shariff-hidezero\"><\/span>&nbsp;<\/a><\/li><li class=\"shariff-button rss shariff-nocustomcolor\" style=\"background-color:#ff8c00\"><a href=\"https:\/\/wolfsmonitor.de\/?feed=rss\" title=\"RSS-feed\" aria-label=\"RSS-feed\" role=\"button\" class=\"shariff-link\" style=\"; background-color:#fe9312; color:#fff\" target=\"_blank\"><span class=\"shariff-icon\" style=\"\"><svg width=\"32px\" height=\"20px\" xmlns=\"http:\/\/www.w3.org\/2000\/svg\" viewBox=\"0 0 32 32\"><path fill=\"#fe9312\" d=\"M4.3 23.5c-2.3 0-4.3 1.9-4.3 4.3 0 2.3 1.9 4.2 4.3 4.2 2.4 0 4.3-1.9 4.3-4.2 0-2.3-1.9-4.3-4.3-4.3zM0 10.9v6.1c4 0 7.7 1.6 10.6 4.4 2.8 2.8 4.4 6.6 4.4 10.6h6.2c0-11.7-9.5-21.1-21.1-21.1zM0 0v6.1c14.2 0 25.8 11.6 25.8 25.9h6.2c0-17.6-14.4-32-32-32z\"\/><\/svg><\/span><span class=\"shariff-text\">RSS-feed<\/span>&nbsp;<\/a><\/li><li class=\"shariff-button mailto shariff-nocustomcolor\" style=\"background-color:#a8a8a8\"><a href=\"mailto:?body=https%3A%2F%2Fwolfsmonitor.de%2F%3Fp%3D9837&subject=WWF%3A%20Werbung%20f%C3%BCr%20Wolfsabsch%C3%BCsse%20ist%20ein%20Skandal\" title=\"Per E-Mail versenden\" aria-label=\"Per E-Mail versenden\" role=\"button\" rel=\"noopener nofollow\" class=\"shariff-link\" style=\"; background-color:#999; color:#fff\"><span class=\"shariff-icon\" style=\"\"><svg width=\"32px\" height=\"20px\" xmlns=\"http:\/\/www.w3.org\/2000\/svg\" viewBox=\"0 0 32 32\"><path fill=\"#999\" d=\"M32 12.7v14.2q0 1.2-0.8 2t-2 0.9h-26.3q-1.2 0-2-0.9t-0.8-2v-14.2q0.8 0.9 1.8 1.6 6.5 4.4 8.9 6.1 1 0.8 1.6 1.2t1.7 0.9 2 0.4h0.1q0.9 0 2-0.4t1.7-0.9 1.6-1.2q3-2.2 8.9-6.1 1-0.7 1.8-1.6zM32 7.4q0 1.4-0.9 2.7t-2.2 2.2q-6.7 4.7-8.4 5.8-0.2 0.1-0.7 0.5t-1 0.7-0.9 0.6-1.1 0.5-0.9 0.2h-0.1q-0.4 0-0.9-0.2t-1.1-0.5-0.9-0.6-1-0.7-0.7-0.5q-1.6-1.1-4.7-3.2t-3.6-2.6q-1.1-0.7-2.1-2t-1-2.5q0-1.4 0.7-2.3t2.1-0.9h26.3q1.2 0 2 0.8t0.9 2z\"\/><\/svg><\/span><span class=\"shariff-text\">E-Mail<\/span>&nbsp;<\/a><\/li><li class=\"shariff-button info shariff-nocustomcolor\" style=\"background-color:#a8a8a8\"><a href=\"http:\/\/ct.de\/-2467514\" title=\"Weitere Informationen\" aria-label=\"Weitere Informationen\" role=\"button\" rel=\"noopener \" class=\"shariff-link\" style=\"; background-color:#999; color:#fff\" target=\"_blank\"><span class=\"shariff-icon\" style=\"\"><svg width=\"32px\" height=\"20px\" xmlns=\"http:\/\/www.w3.org\/2000\/svg\" viewBox=\"0 0 11 32\"><path fill=\"#999\" d=\"M11.4 24v2.3q0 0.5-0.3 0.8t-0.8 0.4h-9.1q-0.5 0-0.8-0.4t-0.4-0.8v-2.3q0-0.5 0.4-0.8t0.8-0.4h1.1v-6.8h-1.1q-0.5 0-0.8-0.4t-0.4-0.8v-2.3q0-0.5 0.4-0.8t0.8-0.4h6.8q0.5 0 0.8 0.4t0.4 0.8v10.3h1.1q0.5 0 0.8 0.4t0.3 0.8zM9.2 3.4v3.4q0 0.5-0.4 0.8t-0.8 0.4h-4.6q-0.4 0-0.8-0.4t-0.4-0.8v-3.4q0-0.4 0.4-0.8t0.8-0.4h4.6q0.5 0 0.8 0.4t0.4 0.8z\"\/><\/svg><\/span><\/a><\/li><\/ul><\/div>","protected":false},"author":1,"featured_media":6257,"comment_status":"closed","ping_status":"open","sticky":false,"template":"","format":"standard","meta":{"spay_email":""},"categories":[4603],"tags":[6433,3586,308,6434,6432,43,105,1404,266],"jetpack_featured_media_url":"https:\/\/i0.wp.com\/wolfsmonitor.de\/wp-content\/uploads\/2016\/11\/B-Foto-H.A.-Nachrichten-2.jpg?fit=767%2C574&ssl=1","jetpack_shortlink":"https:\/\/wp.me\/p61YbU-2yF","jetpack-related-posts":[{"id":4268,"url":"https:\/\/wolfsmonitor.de\/?p=4268","url_meta":{"origin":9837,"position":0},"title":"WWF: \u201eDeutschland hat ein Wilderei-Problem\u201c!  - 25.000 \u20ac zur Ergreifung des T\u00e4ters in Sachsen","date":"17. Juli 2016","format":false,"excerpt":"Das k\u00fcrzlich in Sachsen nahe G\u00f6rlitz erschossene Wolfsweibchen ist bereits der nachweislich 18. illegal get\u00f6tete Wolf in Deutschland. Der WWF verurteilt diese Straftat aufs Sch\u00e4rfste und setzt eine Belohnung von 25.000 \u20ac f\u00fcr sachdienliche Hinweise aus, die zur Ergreifung des T\u00e4ters f\u00fchren. Au\u00dferdem sieht der WWF in Deutschland bei der\u2026","rel":"","context":"In &quot;Presseinformationen&quot;","img":{"alt_text":"Foto: Naturfotograf Heiko Anders","src":"https:\/\/i0.wp.com\/wolfsmonitor.de\/wp-content\/uploads\/2016\/05\/HA-Beitragsfoto-Presseinfo-1.jpg?fit=623%2C415&ssl=1&resize=350%2C200","width":350,"height":200},"classes":[]},{"id":2299,"url":"https:\/\/wolfsmonitor.de\/?p=2299","url_meta":{"origin":9837,"position":1},"title":"WWF und Pro Natura kritisieren neues Wolfskonzept in der Schweiz","date":"22. Januar 2016","format":false,"excerpt":"In der Schweiz wurden k\u00fcrzlich die \u201eKonzepte Wolf und Luchs Schweiz\u201c aufgrund der im Juli 2015 ge\u00e4nderten Regelungen in der eidgen\u00f6ssischen Jagdverordnung angepasst. Ziel beider Konzepte ist die Festlegung der Rahmenbedingungen f\u00fcr den Umgang mit den wachsenden Best\u00e4nden an gro\u00dfen Beutegreifern in der Schweiz. Die \u00c4nderungen, die am 19. Januar\u2026","rel":"","context":"In &quot;Hintergr\u00fcnde&quot;","img":{"alt_text":"Wolf im Tierpark Nordhorn","src":"https:\/\/i2.wp.com\/wolfsmonitor.de\/wp-content\/uploads\/2015\/09\/Beitragsfoto-Hintergr\u00fcnde.jpg?fit=572%2C508&ssl=1&resize=350%2C200","width":350,"height":200},"classes":[]},{"id":6101,"url":"https:\/\/wolfsmonitor.de\/?p=6101","url_meta":{"origin":9837,"position":2},"title":"WWF: \"Ruf nach Wolfsabsch\u00fcssen lenkt von eigentlichen Problemen ab\"","date":"18. November 2016","format":false,"excerpt":"In der sich aktuell versch\u00e4rfenden Wolfsdebatte hat sich nun auch der WWF Deutschland eingeschaltet. In einer Pressemeldung der Umweltschutzorganisation vom 16. November hei\u00dft es (im Wortlaut): \"WWF zur Wolfsdebatte: Es braucht L\u00f6sungen f\u00fcr Nutztierhalter. \/ US-Studie: Absch\u00fcsse von Beutegreifern versch\u00e4rfen das Problem.\" \"Die Umweltschutzorganisation WWF fordert von der Politik in\u2026","rel":"","context":"In &quot;Presseinformationen&quot;","img":{"alt_text":"Wolf im Tierpark (Foto: Vogler)","src":"https:\/\/i0.wp.com\/wolfsmonitor.de\/wp-content\/uploads\/2016\/09\/Beitragsfoto-PI-PM.jpg?fit=752%2C497&ssl=1&resize=350%2C200","width":350,"height":200},"classes":[]},{"id":3256,"url":"https:\/\/wolfsmonitor.de\/?p=3256","url_meta":{"origin":9837,"position":3},"title":"Umweltverb\u00e4nde IFAW, NABU und WWF zum Wolfsabschuss:","date":"28. April 2016","format":false,"excerpt":"Gemeinsam nehmen die Umweltverb\u00e4nde IFAW, NABU und WWF in einer Pressemitteilung Stellung zum heutigen Wolfsabschuss (28.4.2016 im Wortlaut): \"Der Wolf MT6 ist get\u00f6tet worden, wie das nieders\u00e4chsische Umweltministerium mitgeteilt hat. In einer gemeinsamen Stellungnahme \u00e4u\u00dferten die Naturschutzverb\u00e4nde IFAW, NABU und WWF Bedauern \u00fcber den Tod des Tieres und zugleich Verst\u00e4ndnis\u2026","rel":"","context":"In &quot;Aufgelesen&quot;","img":{"alt_text":"Wolf im Tierpark Nordhorn","src":"https:\/\/i1.wp.com\/wolfsmonitor.de\/wp-content\/uploads\/2015\/09\/Beitragsfoto-Aufgelesen-2.te-Fassung.jpg?fit=581%2C520&ssl=1&resize=350%2C200","width":350,"height":200},"classes":[]},{"id":3222,"url":"https:\/\/wolfsmonitor.de\/?p=3222","url_meta":{"origin":9837,"position":4},"title":"Der WWF sieht \"letale Entnahme\" in diesem Fall als einzige Option","date":"27. April 2016","format":false,"excerpt":"WWF-Stellungnahme vom 27. April zur geplanten Entnahme durch das nieders\u00e4chsische Umweltministerium (im Wortlaut):\u00a0 Das nieders\u00e4chsische Umweltministerium hat entschieden, einen auff\u00e4llig gewordenen Wolf wenn m\u00f6glich einzufangen und in ein Gehege zu bringen. Der mit einem Sender ausgestattete Wolf (\u201eMT6\u201c) hatte sich im Verlauf der letzten Monate wiederholt Menschen mit Hunden gen\u00e4hert.\u2026","rel":"","context":"In &quot;Aktuell&quot;","img":{"alt_text":"Stehender Wolf im Tierpark Nordhorn (Foto: Vogler)","src":"https:\/\/i0.wp.com\/wolfsmonitor.de\/wp-content\/uploads\/2016\/03\/Beitragsfoto-Aktuell.jpg?fit=592%2C507&ssl=1&resize=350%2C200","width":350,"height":200},"classes":[]},{"id":6692,"url":"https:\/\/wolfsmonitor.de\/?p=6692","url_meta":{"origin":9837,"position":5},"title":"WWF schockiert \u00fcber illegale \"Jagd-Safaris\" in Bayern","date":"16. Dezember 2016","format":false,"excerpt":"Der WWF zeigt sich nach einem ARD-Film, der vergangenen Sonntag ausgestrahlt wurde, schockiert, wie es in einer Pressemeldung der Naturschutzorganisation hei\u00dft, die von Deutschlands verdr\u00e4ngtem Wilderei-Problem spricht (im Wortlaut): \"Deutschlands verdr\u00e4ngtes Wilderei-Problem\" Illegale Jagd-Safaris in Bayern und Wolfs-Serienkiller in Brandenburg: WWF legt F\u00fcnf-Punkte-Plan f\u00fcr deutsche Anti-Wilderei-Offensive vor. Fallen, Giftk\u00f6der oder\u2026","rel":"","context":"In &quot;Presseinformationen&quot;","img":{"alt_text":"Stehender Wolf im Tierpark Nordhorn (Foto: Vogler)","src":"https:\/\/i0.wp.com\/wolfsmonitor.de\/wp-content\/uploads\/2016\/03\/Beitragsfoto-Aktuell.jpg?fit=592%2C507&ssl=1&resize=350%2C200","width":350,"height":200},"classes":[]}],"_links":{"self":[{"href":"https:\/\/wolfsmonitor.de\/index.php?rest_route=\/wp\/v2\/posts\/9837"}],"collection":[{"href":"https:\/\/wolfsmonitor.de\/index.php?rest_route=\/wp\/v2\/posts"}],"about":[{"href":"https:\/\/wolfsmonitor.de\/index.php?rest_route=\/wp\/v2\/types\/post"}],"author":[{"embeddable":true,"href":"https:\/\/wolfsmonitor.de\/index.php?rest_route=\/wp\/v2\/users\/1"}],"replies":[{"embeddable":true,"href":"https:\/\/wolfsmonitor.de\/index.php?rest_route=%2Fwp%2Fv2%2Fcomments&post=9837"}],"version-history":[{"count":2,"href":"https:\/\/wolfsmonitor.de\/index.php?rest_route=\/wp\/v2\/posts\/9837\/revisions"}],"predecessor-version":[{"id":9839,"href":"https:\/\/wolfsmonitor.de\/index.php?rest_route=\/wp\/v2\/posts\/9837\/revisions\/9839"}],"wp:featuredmedia":[{"embeddable":true,"href":"https:\/\/wolfsmonitor.de\/index.php?rest_route=\/wp\/v2\/media\/6257"}],"wp:attachment":[{"href":"https:\/\/wolfsmonitor.de\/index.php?rest_route=%2Fwp%2Fv2%2Fmedia&parent=9837"}],"wp:term":[{"taxonomy":"category","embeddable":true,"href":"https:\/\/wolfsmonitor.de\/index.php?rest_route=%2Fwp%2Fv2%2Fcategories&post=9837"},{"taxonomy":"post_tag","embeddable":true,"href":"https:\/\/wolfsmonitor.de\/index.php?rest_route=%2Fwp%2Fv2%2Ftags&post=9837"}],"curies":[{"name":"wp","href":"https:\/\/api.w.org\/{rel}","templated":true}]}}