{"id":8818,"count":1,"description":"","link":"https:\/\/wolfsmonitor.de\/?tag=geschaeftsfuehrer-stefan-voell","name":"Gesch\u00e4ftsf\u00fchrer Stefan V\u00f6ll","slug":"geschaeftsfuehrer-stefan-voell","taxonomy":"post_tag","meta":[],"_links":{"self":[{"href":"https:\/\/wolfsmonitor.de\/index.php?rest_route=\/wp\/v2\/tags\/8818"}],"collection":[{"href":"https:\/\/wolfsmonitor.de\/index.php?rest_route=\/wp\/v2\/tags"}],"about":[{"href":"https:\/\/wolfsmonitor.de\/index.php?rest_route=\/wp\/v2\/taxonomies\/post_tag"}],"wp:post_type":[{"href":"https:\/\/wolfsmonitor.de\/index.php?rest_route=%2Fwp%2Fv2%2Fposts&tags=8818"}],"curies":[{"name":"wp","href":"https:\/\/api.w.org\/{rel}","templated":true}]}}