{"id":949,"count":1,"description":"","link":"https:\/\/wolfsmonitor.de\/?tag=woelfe-toeten-raecht-sich","name":"W\u00f6lfe t\u00f6ten r\u00e4cht sich","slug":"woelfe-toeten-raecht-sich","taxonomy":"post_tag","meta":[],"_links":{"self":[{"href":"https:\/\/wolfsmonitor.de\/index.php?rest_route=\/wp\/v2\/tags\/949"}],"collection":[{"href":"https:\/\/wolfsmonitor.de\/index.php?rest_route=\/wp\/v2\/tags"}],"about":[{"href":"https:\/\/wolfsmonitor.de\/index.php?rest_route=\/wp\/v2\/taxonomies\/post_tag"}],"wp:post_type":[{"href":"https:\/\/wolfsmonitor.de\/index.php?rest_route=%2Fwp%2Fv2%2Fposts&tags=949"}],"curies":[{"name":"wp","href":"https:\/\/api.w.org\/{rel}","templated":true}]}}